{"id":1082,"date":"2024-12-30T10:06:12","date_gmt":"2024-12-30T10:06:12","guid":{"rendered":"https:\/\/habergalatasaray.tr\/?p=1082"},"modified":"2024-12-30T10:06:12","modified_gmt":"2024-12-30T10:06:12","slug":"serhat-ulueren-galatasarayda-takim-icerisinden-bilgi-aldim-ikisi-de-takimda-kaliyor","status":"publish","type":"post","link":"https:\/\/habergalatasaray.tr\/index.php\/2024\/12\/30\/serhat-ulueren-galatasarayda-takim-icerisinden-bilgi-aldim-ikisi-de-takimda-kaliyor\/","title":{"rendered":"Serhat Ulueren: &#8220;Galatasaray&#8217;da tak\u0131m i\u00e7erisinden bilgi ald\u0131m, ikisi de tak\u0131mda kal\u0131yor&#8221;"},"content":{"rendered":"<p>Telegol yorumcusu Serhat Ulueren, Galatasaray&#8217;\u0131n transfer g\u00fcndemiyle ilgili de\u011ferlendirmelerde bulundu.<\/p>\n<p><strong>Ulueren&#8217;in a\u00e7\u0131klamalar\u0131 \u015fu \u015fekilde:<\/strong><\/p>\n<p><strong>&#8220;\u0130K\u0130S\u0130 DE TAKIMDA KALACAK&#8221;<\/strong><\/p>\n<p>&#8220;Galatasaray tak\u0131m\u0131 i\u00e7erisinden bilgi ald\u0131m. Dries Mertens ve Fernando Muslera&#8217;n\u0131n ikisi de tak\u0131mda kalacak.&#8221;<\/p>\n<p><strong>&#8220;\u00dcLKES\u0130NE D\u00d6NMEK \u0130STEM\u0130YOR&#8221;<\/strong><\/p>\n<p>&#8220;Mertens, zaten \u015fu a\u015famada \u00fclkesine d\u00f6nmek istemiyor. Galatasaray&#8217;dan ald\u0131\u011f\u0131 paray\u0131 Bel\u00e7ika&#8217;da ona kimse vermez ve ayr\u0131ca performans\u0131 \u00e7ok iyi. Aile ya\u015fant\u0131s\u0131yla \u0130stanbul&#8217;da \u00e7ok seviliyorlar.&#8221;<\/p>\n<p><strong>&#8220;MUSLERA&#8217;YI \u0130KNA ETT\u0130LER&#8221;<\/strong><\/p>\n<p>&#8220;Muslera&#8217;y\u0131 da Okan Buruk ikna etti. Galatasaray&#8217;da aile ortam\u0131 var. Bar\u0131\u015f Alper Alper, Yunus Akg\u00fcn, Torreira ve Gabriel Sara gibi oyuncular hi\u00e7 sakatlanm\u0131yor, cezal\u0131 duruma bile d\u00fc\u015fm\u00fcyorlar.&#8221; <\/p>\n<p><strong>&#8220;DO\u011eRU D\u00dcZG\u00dcN KADROLARI YOK&#8221;<\/strong><\/p>\n<p>&#8220;Fenerbah\u00e7e ve Be\u015fikta\u015f&#8217;\u0131n do\u011fru d\u00fczg\u00fcn kadrosu bile yok. \u0130lk 11&#8217;lerinden 3-4 tane direkt oyuncu sayamazs\u0131n. Her hafta ba\u015fka bir kadroyla \u00e7\u0131k\u0131yorlar.&#8221; ifadelerini kulland\u0131.<\/p>\n<p><strong>Kaynak: habersarikirmizi.com<\/strong><\/p>\n","protected":false},"excerpt":{"rendered":"<p>Galatasaray&#8217;da gelece\u011fi belirsiz olan baz\u0131 isimler bulunuyor.<\/p>\n","protected":false},"author":1,"featured_media":1083,"comment_status":"open","ping_status":"open","sticky":false,"template":"","format":"standard","meta":{"footnotes":""},"categories":[1],"tags":[],"class_list":["post-1082","post","type-post","status-publish","format-standard","has-post-thumbnail","hentry","category-galatasaray-haber"],"_links":{"self":[{"href":"https:\/\/habergalatasaray.tr\/index.php\/wp-json\/wp\/v2\/posts\/1082","targetHints":{"allow":["GET"]}}],"collection":[{"href":"https:\/\/habergalatasaray.tr\/index.php\/wp-json\/wp\/v2\/posts"}],"about":[{"href":"https:\/\/habergalatasaray.tr\/index.php\/wp-json\/wp\/v2\/types\/post"}],"author":[{"embeddable":true,"href":"https:\/\/habergalatasaray.tr\/index.php\/wp-json\/wp\/v2\/users\/1"}],"replies":[{"embeddable":true,"href":"https:\/\/habergalatasaray.tr\/index.php\/wp-json\/wp\/v2\/comments?post=1082"}],"version-history":[{"count":1,"href":"https:\/\/habergalatasaray.tr\/index.php\/wp-json\/wp\/v2\/posts\/1082\/revisions"}],"predecessor-version":[{"id":1084,"href":"https:\/\/habergalatasaray.tr\/index.php\/wp-json\/wp\/v2\/posts\/1082\/revisions\/1084"}],"wp:featuredmedia":[{"embeddable":true,"href":"https:\/\/habergalatasaray.tr\/index.php\/wp-json\/wp\/v2\/media\/1083"}],"wp:attachment":[{"href":"https:\/\/habergalatasaray.tr\/index.php\/wp-json\/wp\/v2\/media?parent=1082"}],"wp:term":[{"taxonomy":"category","embeddable":true,"href":"https:\/\/habergalatasaray.tr\/index.php\/wp-json\/wp\/v2\/categories?post=1082"},{"taxonomy":"post_tag","embeddable":true,"href":"https:\/\/habergalatasaray.tr\/index.php\/wp-json\/wp\/v2\/tags?post=1082"}],"curies":[{"name":"wp","href":"https:\/\/api.w.org\/{rel}","templated":true}]}}