{"id":1085,"date":"2024-12-30T10:06:12","date_gmt":"2024-12-30T10:06:12","guid":{"rendered":"https:\/\/habergalatasaray.tr\/?p=1085"},"modified":"2024-12-30T10:06:12","modified_gmt":"2024-12-30T10:06:12","slug":"yusuf-kenan-calik-galatasaraya-gelirse-bence-osimhenden-daha-buyuk-transfer-olur-turkiyeye-gelmis-en-iyisi-olur","status":"publish","type":"post","link":"https:\/\/habergalatasaray.tr\/index.php\/2024\/12\/30\/yusuf-kenan-calik-galatasaraya-gelirse-bence-osimhenden-daha-buyuk-transfer-olur-turkiyeye-gelmis-en-iyisi-olur\/","title":{"rendered":"Yusuf Kenan \u00c7al\u0131k: &#8220;Galatasaray&#8217;a gelirse bence Osimhen&#8217;den daha b\u00fcy\u00fck transfer olur, T\u00fcrkiye&#8217;ye gelmi\u015f en iyisi olur&#8221;"},"content":{"rendered":"<p>Galatasaray&#8217;\u0131n Liverpool ile s\u00f6zle\u015fmesi sona eren Virgil van Dijk ile ilgilendi\u011fi ileri s\u00fcr\u00fcld\u00fc.<\/p>\n<p>Sar\u0131 k\u0131rm\u0131z\u0131l\u0131lar\u0131n 32 ya\u015f\u0131ndaki Hollandal\u0131 savunmac\u0131y\u0131 sezon sonunda kadrosuna katmak i\u00e7in ikna etmeye \u00e7al\u0131\u015ft\u0131\u011f\u0131 belirtildi.<\/p>\n<p><strong>VIRGIL VAN DIJK G\u00dcNDEM\u0130<\/strong><\/p>\n<p>Ekol TV yorumcusu Yusuf Kenan \u00c7al\u0131k, Virgil van Dijk g\u00fcndemiyle ilgili yorumlarda bulundu.<\/p>\n<p><strong>\u00c7al\u0131k&#8217;\u0131n a\u00e7\u0131klamalar\u0131 \u015fu \u015fekilde:<\/strong><\/p>\n<p><strong>&#8220;EN \u00d6NEML\u0130 5 STOPERDEN B\u0130R\u0130&#8221;<\/strong><\/p>\n<p>&#8220;D\u00fcnyan\u0131n en \u00f6nemli 5 stoperinden birinden bahsediyoruz. Kariyer olarak Davinson Sanchez ile k\u0131yaslamam bile. T\u00fcrkiye&#8217;ye gelmi\u015f en iyi stoper olabilir.&#8221;<\/p>\n<p><strong>&#8220;OSIMHEN&#8217;DEN DAHA B\u00dcY\u00dcK B\u0130R TRANSFER OLUR&#8221;<\/strong><\/p>\n<p>&#8220;Van Dijk hala \u00e7ok formda. Van Dijk bence Osimhen&#8217;den daha b\u00fcy\u00fck transfer olur.&#8221; ifadelerini kulland\u0131.<\/p>\n<p><img decoding=\"async\" class=\"detayFoto\" src=\"https:\/\/habergalatasaray.tr\/wp-content\/uploads\/2024\/12\/yusuf-kenan-calik-galatasaraya-gelirse-bence-osimhenden-daha-buyuk-transfer-olur-turkiyeye-gelmis-en-5b16Xx3k.jpg\"><\/p>\n<p><strong>Kaynak: habersarikirmizi.com<\/strong><\/p>\n","protected":false},"excerpt":{"rendered":"<p>Galatasaray ile ad\u0131 an\u0131lan y\u0131ld\u0131z isimler ortaya \u00e7\u0131kt\u0131k\u00e7a heyecan giderek art\u0131yor.<\/p>\n","protected":false},"author":1,"featured_media":1086,"comment_status":"open","ping_status":"open","sticky":false,"template":"","format":"standard","meta":{"footnotes":""},"categories":[1],"tags":[28],"class_list":["post-1085","post","type-post","status-publish","format-standard","has-post-thumbnail","hentry","category-galatasaray-haber","tag-van"],"_links":{"self":[{"href":"https:\/\/habergalatasaray.tr\/index.php\/wp-json\/wp\/v2\/posts\/1085","targetHints":{"allow":["GET"]}}],"collection":[{"href":"https:\/\/habergalatasaray.tr\/index.php\/wp-json\/wp\/v2\/posts"}],"about":[{"href":"https:\/\/habergalatasaray.tr\/index.php\/wp-json\/wp\/v2\/types\/post"}],"author":[{"embeddable":true,"href":"https:\/\/habergalatasaray.tr\/index.php\/wp-json\/wp\/v2\/users\/1"}],"replies":[{"embeddable":true,"href":"https:\/\/habergalatasaray.tr\/index.php\/wp-json\/wp\/v2\/comments?post=1085"}],"version-history":[{"count":1,"href":"https:\/\/habergalatasaray.tr\/index.php\/wp-json\/wp\/v2\/posts\/1085\/revisions"}],"predecessor-version":[{"id":1088,"href":"https:\/\/habergalatasaray.tr\/index.php\/wp-json\/wp\/v2\/posts\/1085\/revisions\/1088"}],"wp:featuredmedia":[{"embeddable":true,"href":"https:\/\/habergalatasaray.tr\/index.php\/wp-json\/wp\/v2\/media\/1086"}],"wp:attachment":[{"href":"https:\/\/habergalatasaray.tr\/index.php\/wp-json\/wp\/v2\/media?parent=1085"}],"wp:term":[{"taxonomy":"category","embeddable":true,"href":"https:\/\/habergalatasaray.tr\/index.php\/wp-json\/wp\/v2\/categories?post=1085"},{"taxonomy":"post_tag","embeddable":true,"href":"https:\/\/habergalatasaray.tr\/index.php\/wp-json\/wp\/v2\/tags?post=1085"}],"curies":[{"name":"wp","href":"https:\/\/api.w.org\/{rel}","templated":true}]}}