{"id":1126,"date":"2024-12-30T13:41:13","date_gmt":"2024-12-30T13:41:13","guid":{"rendered":"https:\/\/habergalatasaray.tr\/?p=1126"},"modified":"2024-12-30T13:41:13","modified_gmt":"2024-12-30T13:41:13","slug":"lucas-torreira-beni-aramasiyla-hayatimin-akisi-degisti-bir-gun-galatasarayi-birakirsam","status":"publish","type":"post","link":"https:\/\/habergalatasaray.tr\/index.php\/2024\/12\/30\/lucas-torreira-beni-aramasiyla-hayatimin-akisi-degisti-bir-gun-galatasarayi-birakirsam\/","title":{"rendered":"Lucas Torreira: &#8220;Beni aramas\u0131yla hayat\u0131m\u0131n ak\u0131\u015f\u0131 de\u011fi\u015fti, bir g\u00fcn Galatasaray&#8217;\u0131 b\u0131rak\u0131rsam&#8230;&#8221;"},"content":{"rendered":"<p>Galatasaray&#8217;\u0131n y\u0131ld\u0131z\u0131 Lucas Torreira, sponsorluk merasiminde bas\u0131n mensuplar\u0131na \u00e7arp\u0131c\u0131 a\u00e7\u0131klamalarda bulundu.<\/p>\n<p>Uruguayl\u0131 orta saha oyuncusu, imza merasiminde bas\u0131n mensuplar\u0131n\u0131n sorular\u0131n\u0131 yan\u0131tlad\u0131.<\/p>\n<p><strong>&#8220;B\u0130R G\u00dcN GALATASARAY&#8217;I BIRAKIRSAM&#8230;&#8221;<\/strong><\/p>\n<p>Galatasaray&#8217;\u0131n kendisi i\u00e7in \u00e7ok de\u011ferli oldu\u011funu lisana getiren Torreira, &#8220;Galatasaray, hayat\u0131m\u0131n k\u0131ymetli bir mod\u00fcl\u00fc. Bir g\u00fcn buray\u0131 b\u0131rak\u0131rsam benden bunu duyars\u0131n\u0131z. Tahminen de Galatasaray&#8217;daki en keyifli be\u015ferim. Geldi\u011fimden beri herkes bana dayanak oldu. Buradan da Florya&#8217;ya idmana gidece\u011fim. Burada \u00e7ok memnunum. T\u00fcrkiye&#8217;nin en b\u00fcy\u00fck kul\u00fcb\u00fcnde oynuyorum.&#8221; s\u00f6zlerini kulland\u0131.<\/p>\n<p><strong>&#8220;\u00c7OK YETERL\u0130 B\u0130R YERDEY\u0130Z&#8221;<\/strong><\/p>\n<p>Lige verilen ortayla ilgili konu\u015fan Torreria, &#8220;6 ayd\u0131r \u00e7ok a\u011f\u0131r bir tempodayd\u0131k. Dinlenmek i\u00e7in \u00e7ok az vakit vard\u0131. Biraz uzak kalmak istedim. Bu i\u015fin yaln\u0131zca fizik\u00ee yorgunlu\u011fu yok. Bu i\u015fin zihinsel yorgunlu\u011fu da fazla. \u00c7ok d\u00fczg\u00fcn bir yerdeyiz. Ligde ba\u015fkan\u0131z. UEFA Avrupa Ligi&#8217;nde de \u00e2l\u00e2 yerdeyiz. Kupalar i\u00e7in u\u011fra\u015f etmeye devam edece\u011fiz&#8221; dedi.<\/p>\n<p><strong>&#8220;ICARDI&#8217;Y\u0130 \u00c7OK \u00d6ZL\u00dcYORUZ&#8221;<\/strong><\/p>\n<p>Ba\u015far\u0131l\u0131 oyuncu, Mauro Icardi ile ilgili soruya &#8220;Mauro ile karde\u015f \u00fczere olduk. Bana \u00e7ok yard\u0131mc\u0131 ve dayanak oldu. Art\u0131k \u00f6nemli bir sakatl\u0131k ge\u00e7irdi, \u00f6zel hayat\u0131na girmeyece\u011fim, bana d\u00fc\u015fmez o fakat art\u0131k ailesiyle birlikte Arjantin&#8217;de tedavisine devam ediyor. Eksikli\u011fini hissediyoruz. T\u00fcrk futbolu i\u00e7in \u00e7ok k\u0131ymetli birisi. Bizim i\u00e7in de \u00e7ok de\u011ferli nat\u00fcrel ki. Kadroda \u00e7ok \u00f6zl\u00fcyoruz \u015fu anda kendisini&#8221; kar\u015f\u0131l\u0131\u011f\u0131n\u0131 verdi.<\/p>\n<p><strong>&#8220;BEN\u0130 ARAMASIYLA HAYATIN AKI\u015eI DE&#286;\u0130\u015eT\u0130&#8230;&#8221;<\/strong><\/p>\n<p>&#8220;Galatasaray&#8217;a geldi\u011finde \u00f6n yarg\u0131lar\u0131n var m\u0131yd\u0131 ve bu kadar \u00e7ok sevilece\u011fini varsay\u0131m ediyor muydun?&#8221; halinde soru y\u00f6neltilen Torreira, &#8220;A\u00e7\u0131k\u00e7as\u0131 T\u00fcrkiye&#8217;ye gelmek \u00fczere bir fikrim yoktu. Fiorentina&#8217;da kalmak istiyordum ama Muslera beni daima arad\u0131. Okan Hoca da arad\u0131. Karar verdim ve geldim. G\u00fczel ki geldim diyorum. Erden Bey de aram\u0131\u015ft\u0131 ikna etmek i\u00e7in. Muslera&#8217;n\u0131n aramas\u0131yla hayat\u0131m\u0131n ak\u0131\u015f\u0131 de\u011fi\u015fti diyebilirim. \u00c7ok memnunum, d\u00fcnyan\u0131n en memnun insan\u0131y\u0131m diyebilirim. Keyfim \u00e7ok yerinde. Hi\u00e7bir oyuncunun \u00f6n yarg\u0131s\u0131 olmas\u0131n. Rekabet\u00e7i bir lig ve ola\u011fan\u00fcst\u00fc bir \u00fclke buras\u0131&#8221; tabirlerini kulland\u0131. <\/p>\n","protected":false},"excerpt":{"rendered":"<p>Galatasaray&#8217;\u0131n vazge\u00e7ilmezi Lucas Torreira, gelece\u011fi ile ilgili soruya kar\u015f\u0131l\u0131k verdi.<\/p>\n","protected":false},"author":1,"featured_media":1127,"comment_status":"open","ping_status":"open","sticky":false,"template":"","format":"standard","meta":{"footnotes":""},"categories":[1],"tags":[37,38,36,43],"class_list":["post-1126","post","type-post","status-publish","format-standard","has-post-thumbnail","hentry","category-galatasaray-haber","tag-bir","tag-cok","tag-icin","tag-on"],"_links":{"self":[{"href":"https:\/\/habergalatasaray.tr\/index.php\/wp-json\/wp\/v2\/posts\/1126","targetHints":{"allow":["GET"]}}],"collection":[{"href":"https:\/\/habergalatasaray.tr\/index.php\/wp-json\/wp\/v2\/posts"}],"about":[{"href":"https:\/\/habergalatasaray.tr\/index.php\/wp-json\/wp\/v2\/types\/post"}],"author":[{"embeddable":true,"href":"https:\/\/habergalatasaray.tr\/index.php\/wp-json\/wp\/v2\/users\/1"}],"replies":[{"embeddable":true,"href":"https:\/\/habergalatasaray.tr\/index.php\/wp-json\/wp\/v2\/comments?post=1126"}],"version-history":[{"count":1,"href":"https:\/\/habergalatasaray.tr\/index.php\/wp-json\/wp\/v2\/posts\/1126\/revisions"}],"predecessor-version":[{"id":1128,"href":"https:\/\/habergalatasaray.tr\/index.php\/wp-json\/wp\/v2\/posts\/1126\/revisions\/1128"}],"wp:featuredmedia":[{"embeddable":true,"href":"https:\/\/habergalatasaray.tr\/index.php\/wp-json\/wp\/v2\/media\/1127"}],"wp:attachment":[{"href":"https:\/\/habergalatasaray.tr\/index.php\/wp-json\/wp\/v2\/media?parent=1126"}],"wp:term":[{"taxonomy":"category","embeddable":true,"href":"https:\/\/habergalatasaray.tr\/index.php\/wp-json\/wp\/v2\/categories?post=1126"},{"taxonomy":"post_tag","embeddable":true,"href":"https:\/\/habergalatasaray.tr\/index.php\/wp-json\/wp\/v2\/tags?post=1126"}],"curies":[{"name":"wp","href":"https:\/\/api.w.org\/{rel}","templated":true}]}}