{"id":1180,"date":"2024-12-30T22:41:13","date_gmt":"2024-12-30T22:41:13","guid":{"rendered":"https:\/\/habergalatasaray.tr\/?p=1180"},"modified":"2024-12-30T22:41:13","modified_gmt":"2024-12-30T22:41:13","slug":"ibrahim-seten-ali-kocun-transfer-icin-gorusme-yaptigi-bilgisi-bana-geldi-galatasarayin-da-bilgisi-var","status":"publish","type":"post","link":"https:\/\/habergalatasaray.tr\/index.php\/2024\/12\/30\/ibrahim-seten-ali-kocun-transfer-icin-gorusme-yaptigi-bilgisi-bana-geldi-galatasarayin-da-bilgisi-var\/","title":{"rendered":"\u0130brahim Seten: &#8220;Ali Ko\u00e7&#8217;un transfer i\u00e7in g\u00f6r\u00fc\u015fme yapt\u0131\u011f\u0131 bilgisi bana geldi, Galatasaray&#8217;\u0131n da bilgisi var&#8221;"},"content":{"rendered":"<p>Galatasaray ve Fenerbah\u00e7e ortas\u0131nda yeni bir transfer rekabeti ba\u015flad\u0131.<\/p>\n<p>Sar\u0131 k\u0131rm\u0131z\u0131l\u0131lar\u0131n transfer g\u00f6r\u00fc\u015fmelerinde de\u011ferli bir ara kat etti\u011fi Milan Skriniar i\u00e7in Fenerbah\u00e7e de devreye girdi.<\/p>\n<p>29 ya\u015f\u0131ndaki Slovak savunma oyuncusu i\u00e7in Fenerbah\u00e7e Ba\u015fkan\u0131 Ali Ko\u00e7&#8217;un yapt\u0131\u011f\u0131 te\u015febb\u00fcs ortaya \u00e7\u0131kt\u0131.<\/p>\n<p><strong>MILAN SKRINIAR GEL\u0130\u015eMES\u0130<\/strong><\/p>\n<p>TV100 yorumcusu \u0130brahim Seten, Fenerbah\u00e7e&#8217;nin Milan Skriniar at\u0131l\u0131m\u0131n\u0131 duyurdu.<\/p>\n<p><strong>Seten&#8217;in a\u00e7\u0131klamalar\u0131 \u015fu bi\u00e7imde:<\/strong><\/p>\n<p><strong>&#8220;AL\u0130 KO\u00c7&#8217;UN G\u00d6R\u00dc\u015eT\u00dc&#286;\u00dc B\u0130LG\u0130S\u0130 BANA GELD\u0130&#8221;<\/strong><\/p>\n<p>&#8220;Ali Ko\u00e7&#8217;un PSG Ba\u015fkan\u0131 ile Milan Skriniar konusunda g\u00f6r\u00fc\u015fme yapt\u0131\u011f\u0131 bilgisi bana geldi. Galatasaray taraf\u0131n\u0131n da bilgisi var.&#8221;<\/p>\n<p><strong>&#8220;T\u00dcRK\u0130YE&#8217;YE GELMEK \u0130STEMED\u0130&#286;\u0130N\u0130 S\u00d6YLED\u0130LER&#8221;<\/strong><\/p>\n<p>&#8220;Fenerbah\u00e7e\u2019ye oyuncunun T\u00fcrkiye\u2019ye gelmek istemedi\u011fi s\u00f6ylendi. Fenerbah\u00e7e, Skriniar i\u00e7in art\u0131k ilgisiz de\u011fil.&#8221; s\u00f6zlerini kulland\u0131.<\/p>\n<p><strong>Kaynak: habersarikirmizi.com<\/strong><\/p>\n","protected":false},"excerpt":{"rendered":"<p>Galatasaray, Ocak ay\u0131nda tak\u0131m\u0131n\u0131 g\u00fc\u00e7lendirmek isterken Fenerbah\u00e7e, bir defa daha sar\u0131 k\u0131rm\u0131z\u0131l\u0131lar\u0131n transfer te\u015febb\u00fcslerini takip ediyor.<\/p>\n","protected":false},"author":1,"featured_media":1181,"comment_status":"open","ping_status":"open","sticky":false,"template":"","format":"standard","meta":{"footnotes":""},"categories":[1],"tags":[47],"class_list":["post-1180","post","type-post","status-publish","format-standard","has-post-thumbnail","hentry","category-galatasaray-haber","tag-fenerbahce"],"_links":{"self":[{"href":"https:\/\/habergalatasaray.tr\/index.php\/wp-json\/wp\/v2\/posts\/1180","targetHints":{"allow":["GET"]}}],"collection":[{"href":"https:\/\/habergalatasaray.tr\/index.php\/wp-json\/wp\/v2\/posts"}],"about":[{"href":"https:\/\/habergalatasaray.tr\/index.php\/wp-json\/wp\/v2\/types\/post"}],"author":[{"embeddable":true,"href":"https:\/\/habergalatasaray.tr\/index.php\/wp-json\/wp\/v2\/users\/1"}],"replies":[{"embeddable":true,"href":"https:\/\/habergalatasaray.tr\/index.php\/wp-json\/wp\/v2\/comments?post=1180"}],"version-history":[{"count":1,"href":"https:\/\/habergalatasaray.tr\/index.php\/wp-json\/wp\/v2\/posts\/1180\/revisions"}],"predecessor-version":[{"id":1182,"href":"https:\/\/habergalatasaray.tr\/index.php\/wp-json\/wp\/v2\/posts\/1180\/revisions\/1182"}],"wp:featuredmedia":[{"embeddable":true,"href":"https:\/\/habergalatasaray.tr\/index.php\/wp-json\/wp\/v2\/media\/1181"}],"wp:attachment":[{"href":"https:\/\/habergalatasaray.tr\/index.php\/wp-json\/wp\/v2\/media?parent=1180"}],"wp:term":[{"taxonomy":"category","embeddable":true,"href":"https:\/\/habergalatasaray.tr\/index.php\/wp-json\/wp\/v2\/categories?post=1180"},{"taxonomy":"post_tag","embeddable":true,"href":"https:\/\/habergalatasaray.tr\/index.php\/wp-json\/wp\/v2\/tags?post=1180"}],"curies":[{"name":"wp","href":"https:\/\/api.w.org\/{rel}","templated":true}]}}