{"id":1286,"date":"2025-01-01T12:17:15","date_gmt":"2025-01-01T12:17:15","guid":{"rendered":"https:\/\/habergalatasaray.tr\/?p=1286"},"modified":"2025-01-01T12:17:15","modified_gmt":"2025-01-01T12:17:15","slug":"hakan-balta-onerdi-galatasaray-imza-attirdi-antrenmanlara-cikti","status":"publish","type":"post","link":"https:\/\/habergalatasaray.tr\/index.php\/2025\/01\/01\/hakan-balta-onerdi-galatasaray-imza-attirdi-antrenmanlara-cikti\/","title":{"rendered":"Hakan Balta \u00f6nerdi, Galatasaray imza att\u0131rd\u0131, antrenmanlara \u00e7\u0131kt\u0131!"},"content":{"rendered":"<p>Galatasaray, gelece\u011fe y\u00f6nelik k\u0131ymetli bir at\u0131l\u0131m daha ger\u00e7ekle\u015ftirdi.<\/p>\n<p><strong>\u0130SA HAL\u0130D\u0130, PROFESYONEL OLDU<\/strong><\/p>\n<p>Galatasaray, U19 grubunda forma giyen 18 ya\u015f\u0131ndaki defansif orta saha oyuncusu \u0130sa Halidi&#8217;ye profesyonel lisans \u00e7\u0131kard\u0131.<\/p>\n<p><strong>HAKAN BALTA \u00d6NERD\u0130<\/strong><\/p>\n<p>\u0130sa Halidi&#8217;nin U19 Kadrosu Teknik Y\u00f6neticisi Hakan Balta&#8217;n\u0131n Okan Buruk&#8217;a \u00f6nerisi sonras\u0131nda imza att\u0131r\u0131ld\u0131\u011f\u0131 belirtildi.<\/p>\n<p><strong>17 MA\u00c7TA FORMA G\u0130YD\u0130<\/strong><\/p>\n<p>18 ya\u015f\u0131ndaki oyuncu, bu d\u00f6nem U19 Ligi&#8217;nde 17 ma\u00e7ta forma giydi.<\/p>\n<p><img decoding=\"async\" class=\"detayFoto\" src=\"https:\/\/habergalatasaray.tr\/wp-content\/uploads\/2025\/01\/hakan-balta-onerdi-galatasaray-imza-attirdi-antrenmanlara-cikti-0-xT7iCOfI.jpg\"><\/p>\n<p><strong>2027&#8217;YE KADAR \u0130MZA ATTI<\/strong><\/p>\n<p>Sar\u0131 k\u0131rm\u0131z\u0131l\u0131 oyuncuyla Haziran 2027 y\u0131l\u0131na kadar kontrat  imzaland\u0131.<\/p>\n<p><strong>A GRUBA \u00c7IKTI<\/strong><\/p>\n<p>\u0130sa Halidi, ayr\u0131yeten A Kadro ile idmanlarda yer almaya ba\u015flad\u0131.<\/p>\n<p><strong>Kaynak: habersarikirmizi.com<\/strong><\/p>\n","protected":false},"excerpt":{"rendered":"<p>Galatasaray&#8217;da gelece\u011fin y\u0131ld\u0131z adaylar\u0131yla mukavele imzalanmaya devam ediliyor.<\/p>\n","protected":false},"author":1,"featured_media":1287,"comment_status":"open","ping_status":"open","sticky":false,"template":"","format":"standard","meta":{"footnotes":""},"categories":[1],"tags":[],"class_list":["post-1286","post","type-post","status-publish","format-standard","has-post-thumbnail","hentry","category-galatasaray-haber"],"_links":{"self":[{"href":"https:\/\/habergalatasaray.tr\/index.php\/wp-json\/wp\/v2\/posts\/1286","targetHints":{"allow":["GET"]}}],"collection":[{"href":"https:\/\/habergalatasaray.tr\/index.php\/wp-json\/wp\/v2\/posts"}],"about":[{"href":"https:\/\/habergalatasaray.tr\/index.php\/wp-json\/wp\/v2\/types\/post"}],"author":[{"embeddable":true,"href":"https:\/\/habergalatasaray.tr\/index.php\/wp-json\/wp\/v2\/users\/1"}],"replies":[{"embeddable":true,"href":"https:\/\/habergalatasaray.tr\/index.php\/wp-json\/wp\/v2\/comments?post=1286"}],"version-history":[{"count":1,"href":"https:\/\/habergalatasaray.tr\/index.php\/wp-json\/wp\/v2\/posts\/1286\/revisions"}],"predecessor-version":[{"id":1289,"href":"https:\/\/habergalatasaray.tr\/index.php\/wp-json\/wp\/v2\/posts\/1286\/revisions\/1289"}],"wp:featuredmedia":[{"embeddable":true,"href":"https:\/\/habergalatasaray.tr\/index.php\/wp-json\/wp\/v2\/media\/1287"}],"wp:attachment":[{"href":"https:\/\/habergalatasaray.tr\/index.php\/wp-json\/wp\/v2\/media?parent=1286"}],"wp:term":[{"taxonomy":"category","embeddable":true,"href":"https:\/\/habergalatasaray.tr\/index.php\/wp-json\/wp\/v2\/categories?post=1286"},{"taxonomy":"post_tag","embeddable":true,"href":"https:\/\/habergalatasaray.tr\/index.php\/wp-json\/wp\/v2\/tags?post=1286"}],"curies":[{"name":"wp","href":"https:\/\/api.w.org\/{rel}","templated":true}]}}