{"id":1392,"date":"2025-01-02T18:17:19","date_gmt":"2025-01-02T18:17:19","guid":{"rendered":"https:\/\/habergalatasaray.tr\/?p=1392"},"modified":"2025-01-02T18:17:19","modified_gmt":"2025-01-02T18:17:19","slug":"ali-naci-kucuk-galatasarayda-uzun-yillar-oynayabilir-ama-fenerbahcenin-musaade-etmesi-lazim-iki-kisiden-bilgi-aldim","status":"publish","type":"post","link":"https:\/\/habergalatasaray.tr\/index.php\/2025\/01\/02\/ali-naci-kucuk-galatasarayda-uzun-yillar-oynayabilir-ama-fenerbahcenin-musaade-etmesi-lazim-iki-kisiden-bilgi-aldim\/","title":{"rendered":"Ali Naci K\u00fc\u00e7\u00fck: &#8220;Galatasaray&#8217;da uzun y\u0131llar oynayabilir ama Fenerbah\u00e7e&#8217;nin m\u00fcsaade etmesi laz\u0131m, iki ki\u015fiden bilgi ald\u0131m&#8221;"},"content":{"rendered":"<p>Galatasaray, Ey\u00fcpspor&#8217;da ba\u015far\u0131l\u0131 bir d\u00f6nem ge\u00e7iren 24 ya\u015f\u0131ndaki kaleci Berke \u00d6zer&#8217;i transfer g\u00fcndemine ald\u0131.<\/p>\n<p>Galatasaray muhabiri Ali Naci K\u00fc\u00e7\u00fck, Futbol Arena Youtube kanal\u0131nda Berke \u00d6zer g\u00fcndemiyle ilgili bilgiler aktard\u0131.<\/p>\n<p><strong>K\u00fc\u00e7\u00fck&#8217;\u00fcn a\u00e7\u0131klamalar\u0131 \u015fu bi\u00e7imde:<\/strong><\/p>\n<p><strong>&#8220;FENERBAH\u00c7E&#8217;N\u0130N \u00d6NCEL\u0130KM HAKKI VAR&#8221;<\/strong><\/p>\n<p>&#8220;Berke \u00d6zer ismi konu\u015fuluyor. Benim iki farkl\u0131 isimden ald\u0131\u011f\u0131m bilgiye nazaran; Fenerbah\u00e7e&#8217;nin \u00f6ncelik hakk\u0131 bulunuyor. Yani bir teklif geldi\u011finde Fenerbah\u00e7e, t\u0131pk\u0131 say\u0131s\u0131 \u00f6deyip alma hakk\u0131n sahip. Birebir vakitte bonservisinin y\u00fczde 50-60&#8217;\u0131 Fenerbah\u00e7e&#8217;ye \u00f6deniyor.&#8221;<\/p>\n<p><strong>&#8220;GALATASARAY&#8217;A TRANSFER ZOR&#8221;<\/strong><\/p>\n<p>&#8220;Berke \u00d6zer Fenerbah\u00e7eli. Ben Galatasaray&#8217;a transferini biraz s\u0131k\u0131nt\u0131 g\u00f6r\u00fcyorum.&#8221;<\/p>\n<p><strong>&#8220;FENERBAH\u00c7E M\u00dcSAADE EDERSE OLUR&#8221;<\/strong><\/p>\n<p>&#8220;\u00c7ok formda. Ey\u00fcpspor&#8217;da \u00e7ok \u00e2l\u00e2 ma\u00e7lara imza at\u0131yor. Galatasaray kalesini uzun y\u0131llar koruyabilir lakin Fenerbah\u00e7e buna m\u00fcsaade ederse koruyabilir. \u015eu andaki tablo bu.&#8221; tabirlerini kulland\u0131.<\/p>\n<p><img decoding=\"async\" class=\"detayFoto\" src=\"https:\/\/habergalatasaray.tr\/wp-content\/uploads\/2025\/01\/ali-naci-kucuk-galatasarayda-uzun-yillar-oynayabilir-ama-fenerbahcenin-musaade-etmesi-lazim-iki-kisiden-pz6x5u5c.jpg\"><\/p>\n","protected":false},"excerpt":{"rendered":"<p>Galatasaray&#8217;da transfer g\u00f6r\u00fc\u015fmeleri b\u00fcy\u00fck s\u00fcrat kazan\u0131rken de\u011ferli ayr\u0131nt\u0131lar ortaya \u00e7\u0131k\u0131yor.<\/p>\n","protected":false},"author":1,"featured_media":1393,"comment_status":"open","ping_status":"open","sticky":false,"template":"","format":"standard","meta":{"footnotes":""},"categories":[1],"tags":[47],"class_list":["post-1392","post","type-post","status-publish","format-standard","has-post-thumbnail","hentry","category-galatasaray-haber","tag-fenerbahce"],"_links":{"self":[{"href":"https:\/\/habergalatasaray.tr\/index.php\/wp-json\/wp\/v2\/posts\/1392","targetHints":{"allow":["GET"]}}],"collection":[{"href":"https:\/\/habergalatasaray.tr\/index.php\/wp-json\/wp\/v2\/posts"}],"about":[{"href":"https:\/\/habergalatasaray.tr\/index.php\/wp-json\/wp\/v2\/types\/post"}],"author":[{"embeddable":true,"href":"https:\/\/habergalatasaray.tr\/index.php\/wp-json\/wp\/v2\/users\/1"}],"replies":[{"embeddable":true,"href":"https:\/\/habergalatasaray.tr\/index.php\/wp-json\/wp\/v2\/comments?post=1392"}],"version-history":[{"count":1,"href":"https:\/\/habergalatasaray.tr\/index.php\/wp-json\/wp\/v2\/posts\/1392\/revisions"}],"predecessor-version":[{"id":1395,"href":"https:\/\/habergalatasaray.tr\/index.php\/wp-json\/wp\/v2\/posts\/1392\/revisions\/1395"}],"wp:featuredmedia":[{"embeddable":true,"href":"https:\/\/habergalatasaray.tr\/index.php\/wp-json\/wp\/v2\/media\/1393"}],"wp:attachment":[{"href":"https:\/\/habergalatasaray.tr\/index.php\/wp-json\/wp\/v2\/media?parent=1392"}],"wp:term":[{"taxonomy":"category","embeddable":true,"href":"https:\/\/habergalatasaray.tr\/index.php\/wp-json\/wp\/v2\/categories?post=1392"},{"taxonomy":"post_tag","embeddable":true,"href":"https:\/\/habergalatasaray.tr\/index.php\/wp-json\/wp\/v2\/tags?post=1392"}],"curies":[{"name":"wp","href":"https:\/\/api.w.org\/{rel}","templated":true}]}}