{"id":1421,"date":"2025-01-02T20:53:17","date_gmt":"2025-01-02T20:53:17","guid":{"rendered":"https:\/\/habergalatasaray.tr\/?p=1421"},"modified":"2025-01-02T20:53:17","modified_gmt":"2025-01-02T20:53:17","slug":"suleyman-rodop-galatasaray-icin-cok-zor-transfer-ama-bana-osimhen-gibi-bekleyip-gorecegiz-dediler","status":"publish","type":"post","link":"https:\/\/habergalatasaray.tr\/index.php\/2025\/01\/02\/suleyman-rodop-galatasaray-icin-cok-zor-transfer-ama-bana-osimhen-gibi-bekleyip-gorecegiz-dediler\/","title":{"rendered":"S\u00fcleyman Rodop: &#8220;Galatasaray i\u00e7in \u00e7ok zor transfer ama bana &#8216;Osimhen gibi bekleyip g\u00f6rece\u011fiz&#8217; dediler&#8221;"},"content":{"rendered":"<p>Ajans1905&#8217;ten S\u00fcleyman Rodop, Galatasaray&#8217;\u0131n transfer g\u00fcndemiyle ilgili bilgiler aktard\u0131.<\/p>\n<p><strong>Rodop&#8217;un a\u00e7\u0131klamalar\u0131 \u015fu halde:<\/strong><\/p>\n<p><strong>&#8220;NELSSON, GRUP BULAB\u0130LECE&#286;\u0130N\u0130 \u0130LETT\u0130&#8221;<\/strong><\/p>\n<p>&#8220;Victor Nelsson, Galatasaray idaresine gelerek Galatasaray&#8217;dan ayr\u0131lmak istedi\u011fini a\u00e7\u0131klad\u0131. Ekip bulabilece\u011fini de iletti. Nelsson kesin olarak ayr\u0131l\u0131yor.&#8221;<\/p>\n<p><strong>&#8220;ZAHA VE ZIYECH, B\u00dcY\u00dcK PROBLEM&#8221;<\/strong><\/p>\n<p>&#8220;Galatasaray&#8217;da 3Z sorunu var. Zaha, Ziyech ve Zaniolo&hellip; Ortalar\u0131nda Zaniolo&#8217;dan ziyan edilmeyecek. Lakin Zaha ve Ziyech b\u00fcy\u00fck sorun.&#8221;<\/p>\n<p><strong>&#8220;ZIYECH DEFTER\u0130 KAPANDI&#8221;<\/strong><\/p>\n<p>&#8220;Hakim Ziyech ile ilgili net karar al\u0131nd\u0131. Ziyech i\u00e7in art\u0131k geriye d\u00f6n\u00fc\u015f yok. Galatasaray a\u00e7\u0131s\u0131ndan Ziyech defteri kapand\u0131. Menajeri ve futbolcuyla \u015fimdi para pazarl\u0131\u011f\u0131 yap\u0131lmad\u0131. Lakin bu defter kapand\u0131.&#8221;<\/p>\n<p><strong>&#8220;B\u0130R S\u00dcRPR\u0130Z OLMAZSA JELERT KALIYOR&#8221;<\/strong><\/p>\n<p>&#8220;Galatasaray, Elias Jelert&#8217;i kiralamay\u0131 planl\u0131yordu. Lakin Nelsson&#8217;un da ayr\u0131laca\u011f\u0131m demesinin akabinde Galatasaray&#8217;\u0131n eli rahatlad\u0131 ve Jelert&#8217;in kalmas\u0131n\u0131 Okan hoca da istedi. Jelert i\u00e7in s\u00fcrpriz ya\u015fanmazsa kal\u0131yor.&#8221;<\/p>\n<p><strong>&#8220;OKAN BURUK&#8217;UN \u00d6NCEL\u0130&#286;\u0130 ATAK OYUNCUSU TRANSFER\u0130&#8221;<\/strong><\/p>\n<p>&#8220;Okan Buruk, \u00d6ncelikli olarak atak oyuncusu transferi yap\u0131lmas\u0131n\u0131 istiyor. &#8216;Bana \u00f6ncelikli olarak forvet, kanat oynayabilen bir isim gerekiyor.&#8217; diyor.&#8221;<\/p>\n<p><strong>&#8220;KOLO MUANI \u00c7OK SIKINTI TRANSFER&#8221;<\/strong><\/p>\n<p>&#8220;Okan Buruk hocam\u0131z\u0131n istedi\u011fi forvet Kolo Muani, lakin \u00e7ok g\u00fc\u00e7 transfer. Transferle ilgili ald\u0131\u011f\u0131m bilgi; &#8216;Osimhen i\u00e7in de ihtimal yok deniyordu, bekleyip g\u00f6rece\u011fiz.&#8217; oldu.&#8221;<\/p>\n<p><strong>&#8220;MIKAUTADZE \u0130\u00c7\u0130N 30 M\u0130LYON EURO \u0130ST\u0130YORLAR&#8221;<\/strong><\/p>\n<p>&#8220;Lyon&#8217;un Georges Mikautadze i\u00e7in net istendi\u011fi say\u0131 30 Milyon Euro.&#8221;<\/p>\n<p><strong>&#8220;1 \u0130S\u0130M BONSERV\u0130SLE, D\u0130&#286;ERLER\u0130 K\u0130RALIK GELECEK&#8221;<\/strong><\/p>\n<p>&#8220;Galatasaray bonservis vererek yaln\u0131zca 1 isim alacak, \u00f6teki d\u00fc\u015f\u00fcn\u00fclen isimler kiral\u0131k olacak.&#8221; s\u00f6zlerini kulland\u0131.<\/p>\n","protected":false},"excerpt":{"rendered":"<p>Galatasaray, Ocak ay\u0131nda en a\u011f\u0131r transfer periyotlar\u0131ndan birini ge\u00e7irmeye haz\u0131rlan\u0131yor.<\/p>\n","protected":false},"author":1,"featured_media":1422,"comment_status":"open","ping_status":"open","sticky":false,"template":"","format":"standard","meta":{"footnotes":""},"categories":[1],"tags":[24,36,33,84],"class_list":["post-1421","post","type-post","status-publish","format-standard","has-post-thumbnail","hentry","category-galatasaray-haber","tag-galatasaray","tag-icin","tag-transfer","tag-ziyech"],"_links":{"self":[{"href":"https:\/\/habergalatasaray.tr\/index.php\/wp-json\/wp\/v2\/posts\/1421","targetHints":{"allow":["GET"]}}],"collection":[{"href":"https:\/\/habergalatasaray.tr\/index.php\/wp-json\/wp\/v2\/posts"}],"about":[{"href":"https:\/\/habergalatasaray.tr\/index.php\/wp-json\/wp\/v2\/types\/post"}],"author":[{"embeddable":true,"href":"https:\/\/habergalatasaray.tr\/index.php\/wp-json\/wp\/v2\/users\/1"}],"replies":[{"embeddable":true,"href":"https:\/\/habergalatasaray.tr\/index.php\/wp-json\/wp\/v2\/comments?post=1421"}],"version-history":[{"count":1,"href":"https:\/\/habergalatasaray.tr\/index.php\/wp-json\/wp\/v2\/posts\/1421\/revisions"}],"predecessor-version":[{"id":1423,"href":"https:\/\/habergalatasaray.tr\/index.php\/wp-json\/wp\/v2\/posts\/1421\/revisions\/1423"}],"wp:featuredmedia":[{"embeddable":true,"href":"https:\/\/habergalatasaray.tr\/index.php\/wp-json\/wp\/v2\/media\/1422"}],"wp:attachment":[{"href":"https:\/\/habergalatasaray.tr\/index.php\/wp-json\/wp\/v2\/media?parent=1421"}],"wp:term":[{"taxonomy":"category","embeddable":true,"href":"https:\/\/habergalatasaray.tr\/index.php\/wp-json\/wp\/v2\/categories?post=1421"},{"taxonomy":"post_tag","embeddable":true,"href":"https:\/\/habergalatasaray.tr\/index.php\/wp-json\/wp\/v2\/tags?post=1421"}],"curies":[{"name":"wp","href":"https:\/\/api.w.org\/{rel}","templated":true}]}}