{"id":1432,"date":"2025-01-02T21:53:17","date_gmt":"2025-01-02T21:53:17","guid":{"rendered":"https:\/\/habergalatasaray.tr\/?p=1432"},"modified":"2025-01-02T21:53:17","modified_gmt":"2025-01-02T21:53:17","slug":"erden-timuru-aradim-sozlesmeye-bakti-alakasi-yok-dedi-galatasarayda-cok-tuhaf-seyler-oluyor","status":"publish","type":"post","link":"https:\/\/habergalatasaray.tr\/index.php\/2025\/01\/02\/erden-timuru-aradim-sozlesmeye-bakti-alakasi-yok-dedi-galatasarayda-cok-tuhaf-seyler-oluyor\/","title":{"rendered":"&#8220;Erden Timur&#8217;u arad\u0131m, s\u00f6zle\u015fmeye bakt\u0131, &#8216;Alakas\u0131 yok!&#8217; dedi, Galatasaray&#8217;da \u00e7ok tuhaf \u015feyler oluyor&#8221;"},"content":{"rendered":"<p>Galatasaray&#8217;da Hakim Ziyech ile yollar\u0131n ayr\u0131lmas\u0131 beklenirken bir\u00e7ok spek\u00fclasyon olu\u015fuyor.<\/p>\n<p>Spor Gecesi Digital Youtube kanal\u0131nda Haluk Y\u00fcrekli, Hakim Ziyech g\u00fcndemiyle ilgili bilgiler aktard\u0131.<\/p>\n<p><strong>Y\u00fcrekli&#8217;nin a\u00e7\u0131klamalar\u0131 \u015fu formda:<\/strong><\/p>\n<p><strong>&#8220;ERDEN T\u0130MUR&#8217;U ARADIM, &#8216;ALAKASI YOK&#8217; DED\u0130&#8221;<\/strong><\/p>\n<p>&#8220;Ziyech, diz sakatl\u0131\u011f\u0131 ya\u015famazsa 1.5 milyon Euro alacak diye unsuru oldu\u011fu konu\u015fulmu\u015ftu. Ziyech&#8217;in kontrat\u0131n\u0131n detaylar\u0131 i\u00e7in Erden Timur&#8217;u arad\u0131m; mukaveleye bakt\u0131, &#8216;Alakas\u0131 yok!&#8217; dedi. \u00c7ok tuhaf \u015feyler oluyor. Mukavelede tam bilakis, &#8216;Dizinde sakatlanm\u0131\u015f olsaym\u0131\u015f, sakatland\u0131\u011f\u0131 g\u00fcnden iyile\u015fene kadar olan s\u00fcre\u00e7te maa\u015f almayacak&#8217; diye husus varm\u0131\u015f.&#8221;<\/p>\n<p><strong>&#8220;S\u00d6ZLE\u015eMES\u0130N\u0130N UZAMA \u0130HT\u0130MAL\u0130 YOK&#8221;<\/strong><\/p>\n<p>&#8220;Galatasaray, Ziyech&#8217;e bonuslarla birlikte y\u0131ll\u0131k 5-5.5 milyon Euro \u00f6d\u00fcyor. Opsiyonunun devreye girmesi i\u00e7in Hakim Ziyech&#8217;in bu d\u00f6nem ma\u00e7lar\u0131n %70&#8217;inde birinci 11 oynamas\u0131 gerekiyormu\u015f. Art\u0131k mukavelesinin uzama ihtimali yok. D\u00f6nem sonu mukavelesi resmen bitiyor.&#8221;<\/p>\n<p><strong>&#8220;TRANSFER GRUP \u0130\u015e\u0130&#8221;<\/strong><\/p>\n<p>&#8220;Enkaz edebiyat\u0131 yapmamak laz\u0131m. Kimi transferler uygun oluyor, kimileri olmuyor. Transferleri, y\u00f6neticiler yapm\u0131yor. Grup yap\u0131yor, grup i\u015fi. &#8216;O bu t\u00fcrl\u00fc yapt\u0131, bu \u015f\u00f6yle yapt\u0131&#8217; dememek laz\u0131m. Birilerinin ge\u00e7mi\u015fle hesab\u0131 varsa bunu yapmamak laz\u0131m.&#8221; tabirlerini kulland\u0131.<\/p>\n","protected":false},"excerpt":{"rendered":"<p>Galatasaray&#8217;da yeni transferler ve ayr\u0131lacak oyuncularla ilgili tart\u0131\u015f\u0131lan bir s\u00fcre\u00e7 ya\u015fan\u0131yor.<\/p>\n","protected":false},"author":1,"featured_media":1433,"comment_status":"open","ping_status":"open","sticky":false,"template":"","format":"standard","meta":{"footnotes":""},"categories":[1],"tags":[84],"class_list":["post-1432","post","type-post","status-publish","format-standard","has-post-thumbnail","hentry","category-galatasaray-haber","tag-ziyech"],"_links":{"self":[{"href":"https:\/\/habergalatasaray.tr\/index.php\/wp-json\/wp\/v2\/posts\/1432","targetHints":{"allow":["GET"]}}],"collection":[{"href":"https:\/\/habergalatasaray.tr\/index.php\/wp-json\/wp\/v2\/posts"}],"about":[{"href":"https:\/\/habergalatasaray.tr\/index.php\/wp-json\/wp\/v2\/types\/post"}],"author":[{"embeddable":true,"href":"https:\/\/habergalatasaray.tr\/index.php\/wp-json\/wp\/v2\/users\/1"}],"replies":[{"embeddable":true,"href":"https:\/\/habergalatasaray.tr\/index.php\/wp-json\/wp\/v2\/comments?post=1432"}],"version-history":[{"count":1,"href":"https:\/\/habergalatasaray.tr\/index.php\/wp-json\/wp\/v2\/posts\/1432\/revisions"}],"predecessor-version":[{"id":1434,"href":"https:\/\/habergalatasaray.tr\/index.php\/wp-json\/wp\/v2\/posts\/1432\/revisions\/1434"}],"wp:featuredmedia":[{"embeddable":true,"href":"https:\/\/habergalatasaray.tr\/index.php\/wp-json\/wp\/v2\/media\/1433"}],"wp:attachment":[{"href":"https:\/\/habergalatasaray.tr\/index.php\/wp-json\/wp\/v2\/media?parent=1432"}],"wp:term":[{"taxonomy":"category","embeddable":true,"href":"https:\/\/habergalatasaray.tr\/index.php\/wp-json\/wp\/v2\/categories?post=1432"},{"taxonomy":"post_tag","embeddable":true,"href":"https:\/\/habergalatasaray.tr\/index.php\/wp-json\/wp\/v2\/tags?post=1432"}],"curies":[{"name":"wp","href":"https:\/\/api.w.org\/{rel}","templated":true}]}}