{"id":1444,"date":"2025-01-03T11:53:19","date_gmt":"2025-01-03T11:53:19","guid":{"rendered":"https:\/\/habergalatasaray.tr\/?p=1444"},"modified":"2025-01-03T11:53:19","modified_gmt":"2025-01-03T11:53:19","slug":"fuat-akdag-belli-ki-mayis-ayinda-galatasarayda-kesin-olarak-forma-giyecek","status":"publish","type":"post","link":"https:\/\/habergalatasaray.tr\/index.php\/2025\/01\/03\/fuat-akdag-belli-ki-mayis-ayinda-galatasarayda-kesin-olarak-forma-giyecek\/","title":{"rendered":"Fuat Akda\u011f: &#8220;Belli ki May\u0131s ay\u0131nda Galatasaray&#8217;da kesin olarak forma giyecek&#8221;"},"content":{"rendered":"<p>Galatasaray&#8217;\u0131n y\u0131ld\u0131z\u0131 Mauro Icardi&#8217;nin d\u00f6nemi kapatt\u0131\u011f\u0131 a\u00e7\u0131klanmas\u0131na kar\u015f\u0131n umutlar t\u00fckenmiyor.<\/p>\n<p>31 ya\u015f\u0131ndaki golc\u00fc oyuncu, May\u0131s ay\u0131nda alanlara d\u00f6nmek i\u00e7in a\u011f\u0131r \u00e7al\u0131\u015fma i\u00e7erisine girdi.<\/p>\n<p><strong>MAURO ICARDI G\u00dcNDEM\u0130<\/strong><\/p>\n<p>Kontraspor Youtube kanal\u0131nda Fuat Akda\u011f, Mauro Icardi g\u00fcndemiyle ilgili de\u011ferlendirmeler yapt\u0131.<\/p>\n<p><strong>Akda\u011f&#8217;\u0131n a\u00e7\u0131klamalar\u0131 \u015fu bi\u00e7imde:<\/strong><\/p>\n<p><strong>&#8220;DOKTORLAR Y\u00dcR\u00dcMES\u0130N\u0130N B\u0130R KAHIR OLMADI&#286;INI S\u00d6YLEM\u0130\u015eT\u0130&#8221;<\/strong><\/p>\n<p>&#8220;B\u00fcy\u00fck ekiplerde oynayan futbolcular kas sakatl\u0131klar\u0131 ya\u015far. Zira haftada 2 ma\u00e7a hatta 30 g\u00fcnde 7-8 ma\u00e7a \u00e7\u0131kt\u0131klar\u0131 bile oluyor. Tabipler y\u00fcr\u00fcmesinin bir problem olmad\u0131\u011f\u0131n\u0131 s\u00f6ylemi\u015fti. Asl\u0131nda \u00e7apraz ba\u011fda rastgele bir hudut yoktur.&#8221;<\/p>\n<p><strong>&#8220;BELL\u0130 K\u0130 MAYIS AYINDA&#8230;&#8221;<\/strong><\/p>\n<p>&#8220;Bu sakatl\u0131kta yer, giydi\u011fi krampon bile k\u0131ymetlidir. Muhakkak ki May\u0131s ay\u0131nda kesin olarak forma baht\u0131 bulacakt\u0131r.&#8221; tabirlerini kulland\u0131.<\/p>\n<p><strong>Kaynak: habersarikirmizi.com<\/strong><\/p>\n","protected":false},"excerpt":{"rendered":"<p>Galatasaray&#8217;da d\u00f6nemin son k\u0131sm\u0131nda b\u00fcy\u00fck bir mucize ger\u00e7ekle\u015febilir.<\/p>\n","protected":false},"author":1,"featured_media":1445,"comment_status":"open","ping_status":"open","sticky":false,"template":"","format":"standard","meta":{"footnotes":""},"categories":[1],"tags":[],"class_list":["post-1444","post","type-post","status-publish","format-standard","has-post-thumbnail","hentry","category-galatasaray-haber"],"_links":{"self":[{"href":"https:\/\/habergalatasaray.tr\/index.php\/wp-json\/wp\/v2\/posts\/1444","targetHints":{"allow":["GET"]}}],"collection":[{"href":"https:\/\/habergalatasaray.tr\/index.php\/wp-json\/wp\/v2\/posts"}],"about":[{"href":"https:\/\/habergalatasaray.tr\/index.php\/wp-json\/wp\/v2\/types\/post"}],"author":[{"embeddable":true,"href":"https:\/\/habergalatasaray.tr\/index.php\/wp-json\/wp\/v2\/users\/1"}],"replies":[{"embeddable":true,"href":"https:\/\/habergalatasaray.tr\/index.php\/wp-json\/wp\/v2\/comments?post=1444"}],"version-history":[{"count":1,"href":"https:\/\/habergalatasaray.tr\/index.php\/wp-json\/wp\/v2\/posts\/1444\/revisions"}],"predecessor-version":[{"id":1446,"href":"https:\/\/habergalatasaray.tr\/index.php\/wp-json\/wp\/v2\/posts\/1444\/revisions\/1446"}],"wp:featuredmedia":[{"embeddable":true,"href":"https:\/\/habergalatasaray.tr\/index.php\/wp-json\/wp\/v2\/media\/1445"}],"wp:attachment":[{"href":"https:\/\/habergalatasaray.tr\/index.php\/wp-json\/wp\/v2\/media?parent=1444"}],"wp:term":[{"taxonomy":"category","embeddable":true,"href":"https:\/\/habergalatasaray.tr\/index.php\/wp-json\/wp\/v2\/categories?post=1444"},{"taxonomy":"post_tag","embeddable":true,"href":"https:\/\/habergalatasaray.tr\/index.php\/wp-json\/wp\/v2\/tags?post=1444"}],"curies":[{"name":"wp","href":"https:\/\/api.w.org\/{rel}","templated":true}]}}