{"id":1453,"date":"2025-01-03T12:29:20","date_gmt":"2025-01-03T12:29:20","guid":{"rendered":"https:\/\/habergalatasaray.tr\/?p=1453"},"modified":"2025-01-03T12:29:20","modified_gmt":"2025-01-03T12:29:20","slug":"serhat-ulueren-galatasaray-avrupa-ligini-kazanir-mourinho-istifa-eder-ali-koc-birakir-sacha-boey-doner-rakipler-rezil-olur","status":"publish","type":"post","link":"https:\/\/habergalatasaray.tr\/index.php\/2025\/01\/03\/serhat-ulueren-galatasaray-avrupa-ligini-kazanir-mourinho-istifa-eder-ali-koc-birakir-sacha-boey-doner-rakipler-rezil-olur\/","title":{"rendered":"Serhat Ulueren: &#8220;Galatasaray Avrupa Ligi&#8217;ni kazan\u0131r, Mourinho istifa eder, Ali Ko\u00e7 b\u0131rak\u0131r, Sacha Boey d\u00f6ner, rakipler rezil olur&#8221;"},"content":{"rendered":"<p>Telegol yorumcusu Serhat Ulueren, Galatasaray ve Fenerbah\u00e7e&#8217;nin g\u00fcndemiyle ilgili \u00e7arp\u0131c\u0131 yorumlarda bulundu.<\/p>\n<p><strong>Ulueren&#8217;in a\u00e7\u0131klamalar\u0131 \u015fu bi\u00e7imde:<\/strong><\/p>\n<p><strong>&#8220;GALATASARAY, AVRUPA L\u0130G\u0130&#8217;N\u0130 KAZANIR&#8221;<\/strong><\/p>\n<p>&#8220;Ben bu y\u0131l Galatasaray&#8217;\u0131n Avrupa Ligi&#8217;ni kazanmas\u0131n\u0131, Jose Mourinho&#8217;nun istifa etmesini ve Ali Ko\u00e7&#8217;un misyonunu b\u0131rakmas\u0131n\u0131 bekliyorum. Zaten TV reytingleri d\u00fc\u015ferse Acun Il\u0131cal\u0131 da istifa eder. Oklar yava\u015f yava\u015f Acun Il\u0131cal\u0131&#8217;ya d\u00f6nmeye ba\u015flad\u0131.&#8221;<\/p>\n<p><strong>&#8220;G\u00d6ZTEPE&#8217;Y\u0130 SON NEFESTE YENERLER&#8221;<\/strong><\/p>\n<p>&#8220;Galatasaray&#8217;\u0131n S\u00fcper Lig&#8217;de i\u00e7eride oynad\u0131\u011f\u0131 ma\u00e7lar\u0131 daima s\u0131k\u0131nt\u0131 ge\u00e7ti. Ey\u00fcpspor ve Kas\u0131mpa\u015fa&#8217;ya puan kaybettiler. Trabzonspor&#8217;u son saniye gol\u00fcyle yendiler. Ben G\u00f6ztepe&#8217;yi de yeniden son nefeste yeneceklerini d\u00fc\u015f\u00fcn\u00fcyorum.&#8221;<\/p>\n<p><strong>&#8220;SACHA BOEY D\u00d6NEB\u0130L\u0130R&#8221;<\/strong><\/p>\n<p>&#8220;Galatasaray idaresi piyasay\u0131 yokluyor ve f\u0131rsat transferi bak\u0131yor. Sacha Boey, Galatasaray&#8217;a geri d\u00f6nebilir. D\u00fc\u015f\u00fcn\u00fclen form\u00fcl kiralama se\u00e7ene\u011fi. Zira halA sa\u011f bek sorunu devam ediyor. Sacha Boey ise Bayern M\u00fcnih&#8217;te g\u00f6zden d\u00fc\u015ft\u00fc. \u015eayet Galatasaray mant\u0131kl\u0131 ataklar yaparsa rakipler de panik transferi yapmak zorunda kal\u0131r.&#8221;<\/p>\n<p><strong>&#8220;RAK\u0130PLER DAHA FAZLA REZ\u0130L OLACAK&#8221;<\/strong><\/p>\n<p>&#8220;Galatasaray bence S\u00fcper Lig&#8217;de \u015fampiyon oldu. \u015eampiyonlar Ligi&#8217;ne gidecek ve 35 milyon Euro&#8217;yu cebine koyacak. Florya sat\u0131lacak ve rakipler daha fazla rezil olacak. Be\u015fikta\u015f ve Fenerbah\u00e7e&#8217;nin sat\u0131lacak hi\u00e7bir \u015feyi yok. Ali Ko\u00e7&#8217;a s\u0131\u011f\u0131nan Fenerbah\u00e7e var ancak \u00f6teki taraftan Aziz Y\u0131ld\u0131r\u0131m da \u00f6nemli ihaleler yap\u0131yor, gemiler yap\u0131yor ve hala kul\u00fcb\u00fc yak\u0131ndan takip ediyor.&#8221; s\u00f6zlerini kulland\u0131.<\/p>\n<p><strong>Kaynak: habersarikirmizi.com<\/strong><\/p>\n","protected":false},"excerpt":{"rendered":"<p>Galatasaray, bu d\u00f6nem ezeli rakipleriyle ortas\u0131ndaki fark\u0131 giderek a\u00e7may\u0131 hedefliyor.<\/p>\n","protected":false},"author":1,"featured_media":1454,"comment_status":"open","ping_status":"open","sticky":false,"template":"","format":"standard","meta":{"footnotes":""},"categories":[1],"tags":[24],"class_list":["post-1453","post","type-post","status-publish","format-standard","has-post-thumbnail","hentry","category-galatasaray-haber","tag-galatasaray"],"_links":{"self":[{"href":"https:\/\/habergalatasaray.tr\/index.php\/wp-json\/wp\/v2\/posts\/1453","targetHints":{"allow":["GET"]}}],"collection":[{"href":"https:\/\/habergalatasaray.tr\/index.php\/wp-json\/wp\/v2\/posts"}],"about":[{"href":"https:\/\/habergalatasaray.tr\/index.php\/wp-json\/wp\/v2\/types\/post"}],"author":[{"embeddable":true,"href":"https:\/\/habergalatasaray.tr\/index.php\/wp-json\/wp\/v2\/users\/1"}],"replies":[{"embeddable":true,"href":"https:\/\/habergalatasaray.tr\/index.php\/wp-json\/wp\/v2\/comments?post=1453"}],"version-history":[{"count":1,"href":"https:\/\/habergalatasaray.tr\/index.php\/wp-json\/wp\/v2\/posts\/1453\/revisions"}],"predecessor-version":[{"id":1455,"href":"https:\/\/habergalatasaray.tr\/index.php\/wp-json\/wp\/v2\/posts\/1453\/revisions\/1455"}],"wp:featuredmedia":[{"embeddable":true,"href":"https:\/\/habergalatasaray.tr\/index.php\/wp-json\/wp\/v2\/media\/1454"}],"wp:attachment":[{"href":"https:\/\/habergalatasaray.tr\/index.php\/wp-json\/wp\/v2\/media?parent=1453"}],"wp:term":[{"taxonomy":"category","embeddable":true,"href":"https:\/\/habergalatasaray.tr\/index.php\/wp-json\/wp\/v2\/categories?post=1453"},{"taxonomy":"post_tag","embeddable":true,"href":"https:\/\/habergalatasaray.tr\/index.php\/wp-json\/wp\/v2\/tags?post=1453"}],"curies":[{"name":"wp","href":"https:\/\/api.w.org\/{rel}","templated":true}]}}