{"id":1465,"date":"2025-01-03T14:41:19","date_gmt":"2025-01-03T14:41:19","guid":{"rendered":"https:\/\/habergalatasaray.tr\/?p=1465"},"modified":"2025-01-03T14:41:19","modified_gmt":"2025-01-03T14:41:19","slug":"galatasaray-leroy-saneyi-transfer-etmek-istiyor","status":"publish","type":"post","link":"https:\/\/habergalatasaray.tr\/index.php\/2025\/01\/03\/galatasaray-leroy-saneyi-transfer-etmek-istiyor\/","title":{"rendered":"&#8220;Galatasaray, Leroy Sane&#8217;yi transfer etmek istiyor&#8221;"},"content":{"rendered":"<p>Transfer \u00e7al\u0131\u015fmalar\u0131n\u0131 s\u00fcrd\u00fcren Galatasaray i\u00e7in Almanya&#8217;dan dikkat \u00e7eken bir transfer haberi geldi.<\/p>\n<p><strong>YEN\u0130 AMA\u00c7 LEROY SANE<\/strong><\/p>\n<p>Sky DE&#8217;nin haberine nazaran, Galatasaray, Bayern M\u00fcnih ile d\u00f6nem sonunda kontrat\u0131 bitecek olan Leroy Sane ile ilgileniyor.<\/p>\n<p><strong>HEN\u00dcZ MUKAVELE \u0130MZALAMADI<\/strong><\/p>\n<p>Alman deviyle \u015fimdi yeni kontrat imzalamayan ve bonservisi elinde olan Leroy Sane&#8217;nin sar\u0131 k\u0131rm\u0131z\u0131l\u0131lar\u0131n maksad\u0131nda oldu\u011fu belirtildi.<\/p>\n<p>Haberde Galatasaray&#8217;\u0131n bu transferi ger\u00e7ekle\u015ftirmesinin \u00e7ok muhtemel g\u00f6z\u00fckmedi\u011fi, Sane&#8217;nin Bayern M\u00fcnih ile kontrat uzatmak istedi\u011fi de aktar\u0131ld\u0131.<\/p>\n<p><strong>PREMIER L\u0130G&#8217;\u0130 \u0130ST\u0130YOR<\/strong><\/p>\n<p>Sane&#8217;nin muhtemel bir ayr\u0131l\u0131k durumunda ise se\u00e7eneklerinin Premier Lig&#8217;den olaca\u011f\u0131 tabir edildi.<\/p>\n<p><strong>BU SEZONK\u0130 PERFORMANSI<\/strong><\/p>\n<p>28 ya\u015f\u0131ndaki futbolcu bu d\u00f6nem Bayern M\u00fcnih formas\u0131yla 19 ma\u00e7a \u00e7\u0131karken bu m\u00fcsabakalarda 5 gol ve 1 asistlik skot katk\u0131s\u0131 verdi.<\/p>\n","protected":false},"excerpt":{"rendered":"<p>Galatasaray&#8217;\u0131n Bayern M\u00fcnih ile mukavelesi d\u00f6nem sonunda bitecek olan Leroy Sane ile ilgilendi\u011fi belirtildi.<\/p>\n","protected":false},"author":1,"featured_media":1466,"comment_status":"open","ping_status":"open","sticky":false,"template":"","format":"standard","meta":{"footnotes":""},"categories":[1],"tags":[],"class_list":["post-1465","post","type-post","status-publish","format-standard","has-post-thumbnail","hentry","category-galatasaray-haber"],"_links":{"self":[{"href":"https:\/\/habergalatasaray.tr\/index.php\/wp-json\/wp\/v2\/posts\/1465","targetHints":{"allow":["GET"]}}],"collection":[{"href":"https:\/\/habergalatasaray.tr\/index.php\/wp-json\/wp\/v2\/posts"}],"about":[{"href":"https:\/\/habergalatasaray.tr\/index.php\/wp-json\/wp\/v2\/types\/post"}],"author":[{"embeddable":true,"href":"https:\/\/habergalatasaray.tr\/index.php\/wp-json\/wp\/v2\/users\/1"}],"replies":[{"embeddable":true,"href":"https:\/\/habergalatasaray.tr\/index.php\/wp-json\/wp\/v2\/comments?post=1465"}],"version-history":[{"count":1,"href":"https:\/\/habergalatasaray.tr\/index.php\/wp-json\/wp\/v2\/posts\/1465\/revisions"}],"predecessor-version":[{"id":1467,"href":"https:\/\/habergalatasaray.tr\/index.php\/wp-json\/wp\/v2\/posts\/1465\/revisions\/1467"}],"wp:featuredmedia":[{"embeddable":true,"href":"https:\/\/habergalatasaray.tr\/index.php\/wp-json\/wp\/v2\/media\/1466"}],"wp:attachment":[{"href":"https:\/\/habergalatasaray.tr\/index.php\/wp-json\/wp\/v2\/media?parent=1465"}],"wp:term":[{"taxonomy":"category","embeddable":true,"href":"https:\/\/habergalatasaray.tr\/index.php\/wp-json\/wp\/v2\/categories?post=1465"},{"taxonomy":"post_tag","embeddable":true,"href":"https:\/\/habergalatasaray.tr\/index.php\/wp-json\/wp\/v2\/tags?post=1465"}],"curies":[{"name":"wp","href":"https:\/\/api.w.org\/{rel}","templated":true}]}}