{"id":1519,"date":"2025-01-04T01:29:20","date_gmt":"2025-01-04T01:29:20","guid":{"rendered":"https:\/\/habergalatasaray.tr\/?p=1519"},"modified":"2025-01-04T01:29:20","modified_gmt":"2025-01-04T01:29:20","slug":"ali-koc-kizlarla-cok-geziyor-diye-fenerbahceden-gonderdi-simdi-galatasaraya-gitmesini-engelleyemezler","status":"publish","type":"post","link":"https:\/\/habergalatasaray.tr\/index.php\/2025\/01\/04\/ali-koc-kizlarla-cok-geziyor-diye-fenerbahceden-gonderdi-simdi-galatasaraya-gitmesini-engelleyemezler\/","title":{"rendered":"&#8220;Ali Ko\u00e7, &#8216;K\u0131zlarla \u00e7ok geziyor&#8217; diye Fenerbah\u00e7e&#8217;den g\u00f6nderdi, \u015fimdi Galatasaray&#8217;a gitmesini engelleyemezler&#8221;"},"content":{"rendered":"<p>Sezonun en ba\u015far\u0131l\u0131 kalecilerinden biri olan Ey\u00fcpspor kalecisi Berke \u00d6zer, performans\u0131yla transferde \u00f6ne \u00e7\u0131kan isimlerden biri oldu.<\/p>\n<p><strong>GALATASARAY \u0130LE ANILIYOR<\/strong><\/p>\n<p>Galatasaray ile ismi son g\u00fcnlerde s\u0131k\u00e7a an\u0131lan Berke \u00d6zer ile ilgili dikkat \u00e7eken bir ayr\u0131nt\u0131 ortaya \u00e7\u0131kt\u0131.<\/p>\n<p><strong>BERKE \u00d6ZER&#8217;\u0130 AL\u0130 KO\u00c7 G\u00d6NDERM\u0130\u015e<\/strong><\/p>\n<p>Gazeteci Ferudun Ni\u011fdelio\u011flu, Yeni A\u00e7\u0131k Youtube kanal\u0131nda Berke \u00d6zer&#8217;in Fenerbah\u00e7e&#8217;den \u015fahsen Ali Ko\u00e7 taraf\u0131ndan g\u00f6nderildi\u011fini lisana getirdi.<\/p>\n<p><strong>Ni\u011fdelio\u011flu&#8217;nun a\u00e7\u0131klamalar\u0131 \u015fu halde:<\/strong><\/p>\n<p><strong>&#8220;AL\u0130 KO\u00c7 &#8216;KIZLARLA \u00c7OK GEZ\u0130YOR&#8217; DEM\u0130\u015e, KEND\u0130S\u0130 G\u00d6NDERM\u0130\u015e&#8221;<\/strong><\/p>\n<p>&#8220;Ali Ko\u00e7, Berke \u00d6zer&#8217;i Fenerbah\u00e7e&#8217;den kopard\u0131. Berke i\u00e7in &#8216;K\u0131zlarla \u00e7ok geziyor, yiyor i\u00e7iyor, gece hayat\u0131na d\u00fc\u015fk\u00fcn&#8217; demi\u015f ve \u015fahsen kendisi \u00e7ocu\u011fu g\u00f6nderdi.&#8221;<\/p>\n<p><strong>&#8220;FENERBAH\u00c7E, GALATASARAY&#8217;A G\u0130TMES\u0130N\u0130 ENGELLEYEMEZ&#8221;<\/strong><\/p>\n<p>&#8220;\u015eimdi Galatasaray, Berke \u00d6zer&#8217;i Ey\u00fcpspor&#8217;dan almak istiyor. Formda bir kaleci ve Fenerbah\u00e7e bunu hi\u00e7bir formda engelleyemez. Kontrat gere\u011fi bonservisinin %40&#8217;\u0131 Fenerbah\u00e7e&#8217;ye sarfiyat, i\u015f biter.&#8221; s\u00f6zlerini kulland\u0131.<\/p>\n","protected":false},"excerpt":{"rendered":"<p>Galatasaray ile Fenerbah\u00e7e&#8217;yi yak\u0131ndan ilgilendiren bir transfer geli\u015fmesi ya\u015fan\u0131yor.<\/p>\n","protected":false},"author":1,"featured_media":1520,"comment_status":"open","ping_status":"open","sticky":false,"template":"","format":"standard","meta":{"footnotes":""},"categories":[1],"tags":[85,47],"class_list":["post-1519","post","type-post","status-publish","format-standard","has-post-thumbnail","hentry","category-galatasaray-haber","tag-berke-ozer","tag-fenerbahce"],"_links":{"self":[{"href":"https:\/\/habergalatasaray.tr\/index.php\/wp-json\/wp\/v2\/posts\/1519","targetHints":{"allow":["GET"]}}],"collection":[{"href":"https:\/\/habergalatasaray.tr\/index.php\/wp-json\/wp\/v2\/posts"}],"about":[{"href":"https:\/\/habergalatasaray.tr\/index.php\/wp-json\/wp\/v2\/types\/post"}],"author":[{"embeddable":true,"href":"https:\/\/habergalatasaray.tr\/index.php\/wp-json\/wp\/v2\/users\/1"}],"replies":[{"embeddable":true,"href":"https:\/\/habergalatasaray.tr\/index.php\/wp-json\/wp\/v2\/comments?post=1519"}],"version-history":[{"count":1,"href":"https:\/\/habergalatasaray.tr\/index.php\/wp-json\/wp\/v2\/posts\/1519\/revisions"}],"predecessor-version":[{"id":1521,"href":"https:\/\/habergalatasaray.tr\/index.php\/wp-json\/wp\/v2\/posts\/1519\/revisions\/1521"}],"wp:featuredmedia":[{"embeddable":true,"href":"https:\/\/habergalatasaray.tr\/index.php\/wp-json\/wp\/v2\/media\/1520"}],"wp:attachment":[{"href":"https:\/\/habergalatasaray.tr\/index.php\/wp-json\/wp\/v2\/media?parent=1519"}],"wp:term":[{"taxonomy":"category","embeddable":true,"href":"https:\/\/habergalatasaray.tr\/index.php\/wp-json\/wp\/v2\/categories?post=1519"},{"taxonomy":"post_tag","embeddable":true,"href":"https:\/\/habergalatasaray.tr\/index.php\/wp-json\/wp\/v2\/tags?post=1519"}],"curies":[{"name":"wp","href":"https:\/\/api.w.org\/{rel}","templated":true}]}}