{"id":1528,"date":"2025-01-04T10:53:22","date_gmt":"2025-01-04T10:53:22","guid":{"rendered":"https:\/\/habergalatasaray.tr\/?p=1528"},"modified":"2025-01-04T10:53:22","modified_gmt":"2025-01-04T10:53:22","slug":"galatasaray-yedek-kulubesine-top-atti-kufur-ettigi-goruntuler-cikti-transfer-iptal-oldu","status":"publish","type":"post","link":"https:\/\/habergalatasaray.tr\/index.php\/2025\/01\/04\/galatasaray-yedek-kulubesine-top-atti-kufur-ettigi-goruntuler-cikti-transfer-iptal-oldu\/","title":{"rendered":"&#8220;Galatasaray yedek kul\u00fcbesine top att\u0131, k\u00fcf\u00fcr etti\u011fi g\u00f6r\u00fcnt\u00fcler \u00e7\u0131kt\u0131, transfer iptal oldu&#8221;"},"content":{"rendered":"<p>Galatasaray&#8217;\u0131n kaleci transferi konusunda g\u00fcndemine gelen Berke \u00d6zer ile ilgili s\u0131cak geli\u015fmeler ya\u015fan\u0131yor.<\/p>\n<p>Sar\u0131 k\u0131rm\u0131z\u0131l\u0131lar, d\u00f6nemin birinci yar\u0131s\u0131nda sergiledi\u011fi performansla dikkatleri \u00fczerine \u00e7eken 24 ya\u015f\u0131ndaki kaleciyi transfer listesine alm\u0131\u015ft\u0131.<\/p>\n<p><strong>MUSLERA SONRASI \u0130\u00c7\u0130N D\u00dc\u015e\u00dcN\u00dcL\u00dcYORDU<\/strong><\/p>\n<p>\u00d6zellikle Fernando Muslera&#8217;ya vedaya haz\u0131rlan\u0131lmas\u0131 nedeniyle Cim Bom&#8217;da Berke \u00d6zer de \u00f6nemli adaylar ortas\u0131ndayd\u0131. <\/p>\n<p><img decoding=\"async\" class=\"detayFoto\" src=\"https:\/\/habergalatasaray.tr\/wp-content\/uploads\/2025\/01\/galatasaray-yedek-kulubesine-top-atti-kufur-ettigi-goruntuler-cikti-transfer-iptal-oldu-0-MWbRieJS.jpg\"><\/p>\n<p><strong>TRANSFERDE GER\u0130 ADIM ATILDI<\/strong><\/p>\n<p>Ancak Berke \u00d6zer ile ilgili ortaya \u00e7\u0131kan manzaralar ve mukavele ko\u015fulu nedeniyle transferden vazge\u00e7ildi. <\/p>\n<p><strong>TRANSFER\u0130N \u0130PTAL OLMASINDAK\u0130 3 NEDEN<\/strong><\/p>\n<p>Berke&#8217;nin Galatasaray ma\u00e7\u0131nda yedek kul\u00fcbesine att\u0131\u011f\u0131 top, halleri ve bonservisinin y\u00fczde 50\u2019sinin Fenerbah\u00e7e de olmas\u0131, oyuncunun sar\u0131 k\u0131rm\u0131z\u0131l\u0131 kul\u00fcbe sinkaf i\u00e7eren g\u00f6r\u00fcnt\u00fclerinin ortaya \u00e7\u0131kmas\u0131 transferde geri ad\u0131m att\u0131rd\u0131.<\/p>\n<p><strong>Kaynak: Ali Naci K\u00fc\u00e7\u00fck \/ T\u00fcrkiye Gazetesi<\/strong><\/p>\n","protected":false},"excerpt":{"rendered":"<p>Galatasaray&#8217;\u0131n transfer \u00e7al\u0131\u015fmalar\u0131 her an de\u011fi\u015fkenlik g\u00f6sterirken bir transfer daha iptal oldu.<\/p>\n","protected":false},"author":1,"featured_media":1529,"comment_status":"open","ping_status":"open","sticky":false,"template":"","format":"standard","meta":{"footnotes":""},"categories":[1],"tags":[33],"class_list":["post-1528","post","type-post","status-publish","format-standard","has-post-thumbnail","hentry","category-galatasaray-haber","tag-transfer"],"_links":{"self":[{"href":"https:\/\/habergalatasaray.tr\/index.php\/wp-json\/wp\/v2\/posts\/1528","targetHints":{"allow":["GET"]}}],"collection":[{"href":"https:\/\/habergalatasaray.tr\/index.php\/wp-json\/wp\/v2\/posts"}],"about":[{"href":"https:\/\/habergalatasaray.tr\/index.php\/wp-json\/wp\/v2\/types\/post"}],"author":[{"embeddable":true,"href":"https:\/\/habergalatasaray.tr\/index.php\/wp-json\/wp\/v2\/users\/1"}],"replies":[{"embeddable":true,"href":"https:\/\/habergalatasaray.tr\/index.php\/wp-json\/wp\/v2\/comments?post=1528"}],"version-history":[{"count":1,"href":"https:\/\/habergalatasaray.tr\/index.php\/wp-json\/wp\/v2\/posts\/1528\/revisions"}],"predecessor-version":[{"id":1531,"href":"https:\/\/habergalatasaray.tr\/index.php\/wp-json\/wp\/v2\/posts\/1528\/revisions\/1531"}],"wp:featuredmedia":[{"embeddable":true,"href":"https:\/\/habergalatasaray.tr\/index.php\/wp-json\/wp\/v2\/media\/1529"}],"wp:attachment":[{"href":"https:\/\/habergalatasaray.tr\/index.php\/wp-json\/wp\/v2\/media?parent=1528"}],"wp:term":[{"taxonomy":"category","embeddable":true,"href":"https:\/\/habergalatasaray.tr\/index.php\/wp-json\/wp\/v2\/categories?post=1528"},{"taxonomy":"post_tag","embeddable":true,"href":"https:\/\/habergalatasaray.tr\/index.php\/wp-json\/wp\/v2\/tags?post=1528"}],"curies":[{"name":"wp","href":"https:\/\/api.w.org\/{rel}","templated":true}]}}