{"id":1563,"date":"2025-01-04T16:17:21","date_gmt":"2025-01-04T16:17:21","guid":{"rendered":"https:\/\/habergalatasaray.tr\/?p=1563"},"modified":"2025-01-04T16:17:21","modified_gmt":"2025-01-04T16:17:21","slug":"premier-ligin-gecmisteki-en-iyi-takimlarindan-biri-gabriel-sarayi-transfer-etmek-istiyor-bir-hareketlilik-olabilir","status":"publish","type":"post","link":"https:\/\/habergalatasaray.tr\/index.php\/2025\/01\/04\/premier-ligin-gecmisteki-en-iyi-takimlarindan-biri-gabriel-sarayi-transfer-etmek-istiyor-bir-hareketlilik-olabilir\/","title":{"rendered":"&#8220;Premier Lig&#8217;in ge\u00e7mi\u015fteki en iyi tak\u0131mlar\u0131ndan biri Gabriel Sara&#8217;y\u0131 transfer etmek istiyor, bir hareketlilik olabilir&#8221;"},"content":{"rendered":"<p>Galatasaray&#8217;da yeni transferlerin yan\u0131 s\u0131ra s\u00fcrpriz bir geli\u015fme ya\u015fan\u0131yor.<\/p>\n<p>Sar\u0131 k\u0131rm\u0131z\u0131l\u0131lar\u0131n d\u00f6nem ba\u015f\u0131nda 20 milyon Euro&#8217;ya Norwich City&#8217;den transfer etti\u011fi Gabriel Sara, performans\u0131yla k\u0131sa m\u00fcddette dikkatleri \u00e7ekti.<\/p>\n<p>25 ya\u015f\u0131ndaki Brezilya orta alan\u0131 i\u00e7in de\u011ferli bir transfer teklifinin geldi\u011fi belirtiliyor.<\/p>\n<p>Galatasaray muhabiri Serhan T\u00fcrk, A Spor yay\u0131n\u0131nda Galatasaray&#8217;\u0131n transfer g\u00fcndemiyle ilgili bilgiler aktard\u0131.<\/p>\n<p><strong>T\u00fcrk&#8217;\u00fcn a\u00e7\u0131klamalar\u0131 \u015fu formda:<\/strong><\/p>\n<p><strong>&#8220;SKRINIAR TRANSFER\u0130NDE OLUMLU D\u00d6N\u00dc\u015e OLUR&#8221;<\/strong><\/p>\n<p>&#8220;Galatasaray&#8217;\u0131n Skriniar&#8217;a maa\u015f teklifi 2.5 milyon Euro. Oyuncunun beklentisi 5 milyon Euro. Bu transferde Abdullah Kavukcu ve Gardi \u00e7ok ilgili. Bu transferde ilerleyen g\u00fcnlerde olumlu d\u00f6n\u00fc\u015f olaca\u011f\u0131n\u0131 d\u00fc\u015f\u00fcn\u00fcyorum.&#8221;<\/p>\n<p><strong>&#8220;GABRIEL SARA&#8217;YI TRANSFER ETMEK \u0130ST\u0130YORLAR&#8221;<\/strong><\/p>\n<p>&#8220;Premier Lig&#8217;de son periyotta mak\u00fbs g\u00fcnler ge\u00e7iren, ge\u00e7mi\u015fteki en d\u00fczg\u00fcn kadrolardan biri, Gabriel Sara&#8217;y\u0131 transfer etmek istiyor. \u0130lerleyen g\u00fcnlerde hareketlilik olabilir.&#8221; s\u00f6zlerini kulland\u0131.<\/p>\n<p><strong>Kaynak: habersarikirmizi.com<\/strong><\/p>\n","protected":false},"excerpt":{"rendered":"<p>Galatasaray&#8217;da devre ortas\u0131 transfer periyodun hi\u00e7 kimsenin beklemedi\u011fi bir ayr\u0131l\u0131k ya\u015fanabilir.<\/p>\n","protected":false},"author":1,"featured_media":1564,"comment_status":"open","ping_status":"open","sticky":false,"template":"","format":"standard","meta":{"footnotes":""},"categories":[1],"tags":[33],"class_list":["post-1563","post","type-post","status-publish","format-standard","has-post-thumbnail","hentry","category-galatasaray-haber","tag-transfer"],"_links":{"self":[{"href":"https:\/\/habergalatasaray.tr\/index.php\/wp-json\/wp\/v2\/posts\/1563","targetHints":{"allow":["GET"]}}],"collection":[{"href":"https:\/\/habergalatasaray.tr\/index.php\/wp-json\/wp\/v2\/posts"}],"about":[{"href":"https:\/\/habergalatasaray.tr\/index.php\/wp-json\/wp\/v2\/types\/post"}],"author":[{"embeddable":true,"href":"https:\/\/habergalatasaray.tr\/index.php\/wp-json\/wp\/v2\/users\/1"}],"replies":[{"embeddable":true,"href":"https:\/\/habergalatasaray.tr\/index.php\/wp-json\/wp\/v2\/comments?post=1563"}],"version-history":[{"count":1,"href":"https:\/\/habergalatasaray.tr\/index.php\/wp-json\/wp\/v2\/posts\/1563\/revisions"}],"predecessor-version":[{"id":1565,"href":"https:\/\/habergalatasaray.tr\/index.php\/wp-json\/wp\/v2\/posts\/1563\/revisions\/1565"}],"wp:featuredmedia":[{"embeddable":true,"href":"https:\/\/habergalatasaray.tr\/index.php\/wp-json\/wp\/v2\/media\/1564"}],"wp:attachment":[{"href":"https:\/\/habergalatasaray.tr\/index.php\/wp-json\/wp\/v2\/media?parent=1563"}],"wp:term":[{"taxonomy":"category","embeddable":true,"href":"https:\/\/habergalatasaray.tr\/index.php\/wp-json\/wp\/v2\/categories?post=1563"},{"taxonomy":"post_tag","embeddable":true,"href":"https:\/\/habergalatasaray.tr\/index.php\/wp-json\/wp\/v2\/tags?post=1563"}],"curies":[{"name":"wp","href":"https:\/\/api.w.org\/{rel}","templated":true}]}}