{"id":1773,"date":"2025-01-06T21:54:44","date_gmt":"2025-01-06T21:54:44","guid":{"rendered":"https:\/\/habergalatasaray.tr\/?p=1773"},"modified":"2025-01-06T21:54:44","modified_gmt":"2025-01-06T21:54:44","slug":"burhan-can-terzi-galatasaray-el-sikisma-noktasina-geldi-bu-transfer-1-2-ismin-referansina-bakar","status":"publish","type":"post","link":"https:\/\/habergalatasaray.tr\/index.php\/2025\/01\/06\/burhan-can-terzi-galatasaray-el-sikisma-noktasina-geldi-bu-transfer-1-2-ismin-referansina-bakar\/","title":{"rendered":"Burhan Can Terzi: &#8220;Galatasaray el s\u0131k\u0131\u015fma noktas\u0131na geldi, bu transfer 1-2 ismin referans\u0131na bakar&#8221;"},"content":{"rendered":"<p>Galatasaray muhabiri Burhan Can Terzi, Sportcell Youtube kanal\u0131nda Galatasaray&#8217;\u0131n transfer g\u00fcndemiyle ilgili bilgiler aktard\u0131.<\/p>\n<p><strong>Terzi&#8217;nin a\u00e7\u0131klamalar\u0131 \u015fu formda:<\/strong><\/p>\n<p><strong>&#8220;EREN ELMALI&#8217;YA SICAK BAKILMAYA BA\u015eLANDI&#8221;<\/strong><\/p>\n<p>&#8220;Ismail Jakobs asl\u0131nda kronik sakat de\u011fil. D\u00f6nem i\u00e7inde dinlenmeye muhta\u00e7l\u0131\u011f\u0131 oldu\u011fu k\u0131s\u0131mlar oluyor. Dizindeki s\u00fcrt\u00fcnmeden kaynakl\u0131. Kronik diyemeyiz. O y\u00fczden Eren Elmal\u0131&#8217;ya s\u0131cak bak\u0131lmaya ba\u015fland\u0131. Eren Elmal\u0131, Galatasaray&#8217;da oynamay\u0131 \u00e7ok istiyor. \u015eimdi netle\u015fen bir durum yok. Trabzonspor, Yusuf Demir takas\u0131 yerine nakit para istiyor.&#8221;<\/p>\n<p><strong>&#8220;MIKAUTADZE \u0130\u00c7\u0130N EL SIKI\u015eMA NOKTASINA GEL\u0130ND\u0130&#8221;<\/strong><\/p>\n<p>&#8220;Lyon, Galatasaray&#8217;\u0131n son teklifine \u00e7ok s\u0131cak. Mikautadze&#8217;nin Muhte\u015fem Lig&#8217;e gelmekle ilgili teredd\u00fctleri var, bu i\u015f 1-2 ismin referans\u0131na bakar. Lyon ile ayr\u0131nt\u0131lar konu\u015fuluyor, el s\u0131k\u0131\u015fma noktas\u0131nda.&#8221;<\/p>\n<p><strong>&#8220;OSIMHEN&#8217;\u0130N YE&#286;EN\u0130 U17 \u0130DMANLARINA BA\u015eLAMI\u015e&#8221;<\/strong><\/p>\n<p>&#8220;Hafta i\u00e7inde Osimhen, idareyle g\u00f6r\u00fc\u015fm\u00fc\u015f, aram\u0131\u015f ve &#8216;Bu benim ye\u011fenim, yeterli top\u00e7u, denenmesini istiyorum&#8217; demi\u015f. Sonras\u0131nda da ye\u011feni, Galatasaray U17 idmanlar\u0131na ba\u015flam\u0131\u015f.&#8221;<\/p>\n<p><strong>&#8220;KASTAMONUSPOR&#8217;DAN SARUHAN D\u00d6NMEZ YAKIN MARKAJA ALINDI&#8221;<\/strong><\/p>\n<p>&#8220;Galatasaray alt yap\u0131s\u0131nda da bir scout departman\u0131 kuruldu. \u00dc\u00e7 scout \u00e7al\u0131\u015f\u0131yor orada da. Kastamonu formas\u0131 giyen 18 ya\u015f\u0131ndaki \u00f6n libero Naim Saruhan D\u00f6nmez, Galatasaray scoutlar\u0131 taraf\u0131ndan yak\u0131n markaja al\u0131nd\u0131.&#8221; s\u00f6zlerini kulland\u0131.<\/p>\n","protected":false},"excerpt":{"rendered":"<p>Galatasaray&#8217;da transfer geli\u015fmeleriyle ilgili yeni ayr\u0131nt\u0131lar ortaya \u00e7\u0131kmaya devam ediyor.<\/p>\n","protected":false},"author":1,"featured_media":1774,"comment_status":"open","ping_status":"open","sticky":false,"template":"","format":"standard","meta":{"footnotes":""},"categories":[1],"tags":[24],"class_list":["post-1773","post","type-post","status-publish","format-standard","has-post-thumbnail","hentry","category-galatasaray-haber","tag-galatasaray"],"_links":{"self":[{"href":"https:\/\/habergalatasaray.tr\/index.php\/wp-json\/wp\/v2\/posts\/1773","targetHints":{"allow":["GET"]}}],"collection":[{"href":"https:\/\/habergalatasaray.tr\/index.php\/wp-json\/wp\/v2\/posts"}],"about":[{"href":"https:\/\/habergalatasaray.tr\/index.php\/wp-json\/wp\/v2\/types\/post"}],"author":[{"embeddable":true,"href":"https:\/\/habergalatasaray.tr\/index.php\/wp-json\/wp\/v2\/users\/1"}],"replies":[{"embeddable":true,"href":"https:\/\/habergalatasaray.tr\/index.php\/wp-json\/wp\/v2\/comments?post=1773"}],"version-history":[{"count":1,"href":"https:\/\/habergalatasaray.tr\/index.php\/wp-json\/wp\/v2\/posts\/1773\/revisions"}],"predecessor-version":[{"id":1775,"href":"https:\/\/habergalatasaray.tr\/index.php\/wp-json\/wp\/v2\/posts\/1773\/revisions\/1775"}],"wp:featuredmedia":[{"embeddable":true,"href":"https:\/\/habergalatasaray.tr\/index.php\/wp-json\/wp\/v2\/media\/1774"}],"wp:attachment":[{"href":"https:\/\/habergalatasaray.tr\/index.php\/wp-json\/wp\/v2\/media?parent=1773"}],"wp:term":[{"taxonomy":"category","embeddable":true,"href":"https:\/\/habergalatasaray.tr\/index.php\/wp-json\/wp\/v2\/categories?post=1773"},{"taxonomy":"post_tag","embeddable":true,"href":"https:\/\/habergalatasaray.tr\/index.php\/wp-json\/wp\/v2\/tags?post=1773"}],"curies":[{"name":"wp","href":"https:\/\/api.w.org\/{rel}","templated":true}]}}