{"id":1847,"date":"2025-01-07T13:18:48","date_gmt":"2025-01-07T13:18:48","guid":{"rendered":"https:\/\/habergalatasaray.tr\/?p=1847"},"modified":"2025-01-07T13:18:48","modified_gmt":"2025-01-07T13:18:48","slug":"ali-naci-kucuk-galatasaraya-gelmek-icin-ilk-adimi-kendisi-atti-hayali-gercek-oluyor-galatasaraya-olsun","status":"publish","type":"post","link":"https:\/\/habergalatasaray.tr\/index.php\/2025\/01\/07\/ali-naci-kucuk-galatasaraya-gelmek-icin-ilk-adimi-kendisi-atti-hayali-gercek-oluyor-galatasaraya-olsun\/","title":{"rendered":"Ali Naci K\u00fc\u00e7\u00fck: &#8220;Galatasaray&#8217;a gelmek i\u00e7in ilk ad\u0131m\u0131 kendisi att\u0131, hayali ger\u00e7ek oluyor, Galatasaray&#8217;a olsun&#8221;"},"content":{"rendered":"<p>Galatasaray, devre ortas\u0131 transfer devrinin birinci ata\u011f\u0131n\u0131 yap\u0131yor.<\/p>\n<p><strong>YEN\u0130 ASLAN EREN ELMALI<\/strong><\/p>\n<p>Sar\u0131 k\u0131rm\u0131z\u0131l\u0131lar, Trabzonspor&#8217;dan Eren Elmal\u0131&#8217;y\u0131 tak\u0131m\u0131na kat\u0131yor.<\/p>\n<p><strong>PRENS\u0130P MUAHEDES\u0130 SA&#286;LANDI<\/strong><\/p>\n<p>24 ya\u015f\u0131ndaki ulusal sol bek ve Trabzonspor ile prensip mutabakatlar\u0131n\u0131n sa\u011fland\u0131\u011f\u0131 belirtiliyor.<\/p>\n<p><strong>EREN ELMALI GEL\u0130\u015eMES\u0130<\/strong><\/p>\n<p>Galatasaray muhabiri Ali Naci K\u00fc\u00e7\u00fck, Eren Elmal\u0131 transferiyle ilgili yorumlarda bulundu.<\/p>\n<p><strong>K\u00fc\u00e7\u00fck&#8217;\u00fcn a\u00e7\u0131klamalar\u0131 \u015fu formda:<\/strong><\/p>\n<p><strong>&#8220;\u0130LK ADIMI ATAN EREN ELMALI&#8221;<\/strong><\/p>\n<p>&#8220;Transfer i\u00e7in Okan hoca ile g\u00f6r\u00fc\u015ferek birinci ad\u0131m\u0131 atan Eren Elmal\u0131! Yani Galatasaray\u2019da forma giymeyi, oynamay\u0131 hayal ediyordu. Hayali ger\u00e7ek oluyor. Galatasaray\u2019a ve Eren\u2019e iyi olsun.&#8221; s\u00f6zlerini kulland\u0131.<\/p>\n<p><strong>Kaynak: habersarikirmizi.com<\/strong><\/p>\n","protected":false},"excerpt":{"rendered":"<p>Galatasaray&#8217;da transfer hareketlili\u011fi a\u011f\u0131r bir bi\u00e7imde devam ediyor.<\/p>\n","protected":false},"author":1,"featured_media":1848,"comment_status":"open","ping_status":"open","sticky":false,"template":"","format":"standard","meta":{"footnotes":""},"categories":[1],"tags":[119],"class_list":["post-1847","post","type-post","status-publish","format-standard","has-post-thumbnail","hentry","category-galatasaray-haber","tag-eren-elmali"],"_links":{"self":[{"href":"https:\/\/habergalatasaray.tr\/index.php\/wp-json\/wp\/v2\/posts\/1847","targetHints":{"allow":["GET"]}}],"collection":[{"href":"https:\/\/habergalatasaray.tr\/index.php\/wp-json\/wp\/v2\/posts"}],"about":[{"href":"https:\/\/habergalatasaray.tr\/index.php\/wp-json\/wp\/v2\/types\/post"}],"author":[{"embeddable":true,"href":"https:\/\/habergalatasaray.tr\/index.php\/wp-json\/wp\/v2\/users\/1"}],"replies":[{"embeddable":true,"href":"https:\/\/habergalatasaray.tr\/index.php\/wp-json\/wp\/v2\/comments?post=1847"}],"version-history":[{"count":1,"href":"https:\/\/habergalatasaray.tr\/index.php\/wp-json\/wp\/v2\/posts\/1847\/revisions"}],"predecessor-version":[{"id":1849,"href":"https:\/\/habergalatasaray.tr\/index.php\/wp-json\/wp\/v2\/posts\/1847\/revisions\/1849"}],"wp:featuredmedia":[{"embeddable":true,"href":"https:\/\/habergalatasaray.tr\/index.php\/wp-json\/wp\/v2\/media\/1848"}],"wp:attachment":[{"href":"https:\/\/habergalatasaray.tr\/index.php\/wp-json\/wp\/v2\/media?parent=1847"}],"wp:term":[{"taxonomy":"category","embeddable":true,"href":"https:\/\/habergalatasaray.tr\/index.php\/wp-json\/wp\/v2\/categories?post=1847"},{"taxonomy":"post_tag","embeddable":true,"href":"https:\/\/habergalatasaray.tr\/index.php\/wp-json\/wp\/v2\/tags?post=1847"}],"curies":[{"name":"wp","href":"https:\/\/api.w.org\/{rel}","templated":true}]}}