{"id":1893,"date":"2025-01-08T09:30:43","date_gmt":"2025-01-08T09:30:43","guid":{"rendered":"https:\/\/habergalatasaray.tr\/?p=1893"},"modified":"2025-01-08T09:30:43","modified_gmt":"2025-01-08T09:30:43","slug":"emek-ege-galatasaray-simdi-almazsa-eger-o-tren-bir-daha-sana-gelmez-bir-firsat-var","status":"publish","type":"post","link":"https:\/\/habergalatasaray.tr\/index.php\/2025\/01\/08\/emek-ege-galatasaray-simdi-almazsa-eger-o-tren-bir-daha-sana-gelmez-bir-firsat-var\/","title":{"rendered":"Emek Ege: &#8220;Galatasaray \u015fimdi almazsa e\u011fer o tren bir daha sana gelmez, bir f\u0131rsat var&#8221;"},"content":{"rendered":"<p>Vole Youtube kanal\u0131nda Emek Ege, Galatasaray ile ilgili de\u011ferlendirmelerde bulundu.<\/p>\n<p><strong>Ege&#8217;nin a\u00e7\u0131klamalar\u0131 \u015fu formda:<\/strong><\/p>\n<p><strong>&#8220;GALATASARAY, FIRSATLARI YAKALIYOR&#8221;<\/strong><\/p>\n<p>&#8220;Baz\u0131 transferleri yaln\u0131zca kimi devirlerde yapabilirsiniz. Galatasaray, Wesley Sneijder&#8217;i Inter&#8217;deki meseleleri nedeniyle alm\u0131\u015ft\u0131. 6 ay sonra Didier Drogba ihtimali \u00e7\u0131kt\u0131 ve \u00c7in&#8217;deyken ald\u0131lar. Son olarak Victor Osimhen&#8217;in Napoli ile ortas\u0131 a\u00e7\u0131ld\u0131, rakiplerine vermek istemediler ve bur f\u0131rsat\u0131 kulland\u0131lar.&#8221;<\/p>\n<p><strong>&#8220;MIKAUTADZE&#8217;Y\u0130 ALMAZSAN O TREN B\u0130R DAHA SANA GELMEZ&#8221;<\/strong><\/p>\n<p>&#8220;\u015eimdi de Georges Mikautadze transferinde bir f\u0131rsat var. Sen \u015fayet Mikautadze&#8217;yi almazsan o tren bir daha sana gelmez. \u00d6b\u00fcr ekiplerle da ismi an\u0131l\u0131yor.&#8221;<\/p>\n<p><strong>&#8220;NELSSON BA&#286;LARINI KOPARMI\u015e&#8221;<\/strong><\/p>\n<p>&#8220;Galatasaray&#8217;\u0131n her iki bekte de oynayabilen futbolcuya hem de Nelsson&#8217;un yerine oynayacak stopere muhta\u00e7l\u0131\u011f\u0131 var. Maalesef Elias Jelert k\u00e2fi olmad\u0131\u011f\u0131n\u0131 bize g\u00f6sterdi. Nelsson da ba\u015f olarak ba\u011flar\u0131n\u0131 koparm\u0131\u015f.&#8221; s\u00f6zlerini kulland\u0131.<\/p>\n<p><strong>Kaynak: habersarikirmizi.com<\/strong><\/p>\n","protected":false},"excerpt":{"rendered":"<p>Galatasaray, orta transferde f\u0131rsat transferi konusunda de\u011ferli \u00e7al\u0131\u015fmalar yap\u0131yor.<\/p>\n","protected":false},"author":1,"featured_media":1894,"comment_status":"open","ping_status":"open","sticky":false,"template":"","format":"standard","meta":{"footnotes":""},"categories":[1],"tags":[],"class_list":["post-1893","post","type-post","status-publish","format-standard","has-post-thumbnail","hentry","category-galatasaray-haber"],"_links":{"self":[{"href":"https:\/\/habergalatasaray.tr\/index.php\/wp-json\/wp\/v2\/posts\/1893","targetHints":{"allow":["GET"]}}],"collection":[{"href":"https:\/\/habergalatasaray.tr\/index.php\/wp-json\/wp\/v2\/posts"}],"about":[{"href":"https:\/\/habergalatasaray.tr\/index.php\/wp-json\/wp\/v2\/types\/post"}],"author":[{"embeddable":true,"href":"https:\/\/habergalatasaray.tr\/index.php\/wp-json\/wp\/v2\/users\/1"}],"replies":[{"embeddable":true,"href":"https:\/\/habergalatasaray.tr\/index.php\/wp-json\/wp\/v2\/comments?post=1893"}],"version-history":[{"count":1,"href":"https:\/\/habergalatasaray.tr\/index.php\/wp-json\/wp\/v2\/posts\/1893\/revisions"}],"predecessor-version":[{"id":1895,"href":"https:\/\/habergalatasaray.tr\/index.php\/wp-json\/wp\/v2\/posts\/1893\/revisions\/1895"}],"wp:featuredmedia":[{"embeddable":true,"href":"https:\/\/habergalatasaray.tr\/index.php\/wp-json\/wp\/v2\/media\/1894"}],"wp:attachment":[{"href":"https:\/\/habergalatasaray.tr\/index.php\/wp-json\/wp\/v2\/media?parent=1893"}],"wp:term":[{"taxonomy":"category","embeddable":true,"href":"https:\/\/habergalatasaray.tr\/index.php\/wp-json\/wp\/v2\/categories?post=1893"},{"taxonomy":"post_tag","embeddable":true,"href":"https:\/\/habergalatasaray.tr\/index.php\/wp-json\/wp\/v2\/tags?post=1893"}],"curies":[{"name":"wp","href":"https:\/\/api.w.org\/{rel}","templated":true}]}}