{"id":1953,"date":"2025-01-08T19:18:46","date_gmt":"2025-01-08T19:18:46","guid":{"rendered":"https:\/\/habergalatasaray.tr\/?p=1953"},"modified":"2025-01-08T19:18:46","modified_gmt":"2025-01-08T19:18:46","slug":"savas-corlu-galatasaraya-cok-yakin-galatasaray-formasi-giyecek","status":"publish","type":"post","link":"https:\/\/habergalatasaray.tr\/index.php\/2025\/01\/08\/savas-corlu-galatasaraya-cok-yakin-galatasaray-formasi-giyecek\/","title":{"rendered":"Sava\u015f \u00c7orlu: &#8220;Galatasaray&#8217;a \u00e7ok yak\u0131n, Galatasaray formas\u0131 giyecek&#8221;"},"content":{"rendered":"<p>Galatasaray&#8217;da \u0130lkay G\u00fcndo\u011fan g\u00fcndemi tekrar ya\u015fanmaya ba\u015flad\u0131.<\/p>\n<p>Sar\u0131 k\u0131rm\u0131z\u0131l\u0131lar, Manchester City&#8217;den ayr\u0131lmas\u0131 beklenen 34 ya\u015f\u0131ndaki y\u0131ld\u0131z oyuncuyu tak\u0131m\u0131na katmak istiyor.<\/p>\n<p><strong>\u0130LKAY  G\u00dcNDO&#286;AN GEL\u0130\u015eMES\u0130<\/strong><\/p>\n<p>Galatasaray muhabiri Sava\u015f \u00c7orlu, A Spor yay\u0131n\u0131nda \u0130lkay G\u00fcndo\u011fan ile ilgili de\u011ferli yorumlarda bulundu.<\/p>\n<p><strong>\u00c7orlu&#8217;nun a\u00e7\u0131klamalar\u0131 \u015fu bi\u00e7imde:<\/strong><\/p>\n<p><strong>&#8220;GALATASARAY FORMASI G\u0130YECEK&#8221;<\/strong><\/p>\n<p>&#8220;\u0130lkay G\u00fcndo\u011fan, Galatasaray&#8217;a \u00e7ok yak\u0131n, Galatasaray formas\u0131 giyecek. \u0130lkay G\u00fcndo\u011fan&#8217;\u0131 bekliyorum.&#8221;<\/p>\n<p><strong>&#8220;MERTENS FORMAYI VER\u0130R&#8221;<\/strong><\/p>\n<p>&#8220;\u0130lkay G\u00fcndo\u011fan geldi\u011fi vakit bence Florya&#8217;n\u0131n beyni, a\u011fabeyi olan Mertens formay\u0131 verir. Vakit zaman de\u011fi\u015ferek oynarlar.&#8221;  s\u00f6zlerini kulland\u0131.<\/p>\n<p><img decoding=\"async\" class=\"detayFoto\" src=\"https:\/\/habergalatasaray.tr\/wp-content\/uploads\/2025\/01\/savas-corlu-galatasaraya-cok-yakin-galatasaray-formasi-giyecek-0-jd5sAp2b.jpg\"><\/p>\n<p><strong>Kaynak: habersarikirmizi.com<\/strong><\/p>\n","protected":false},"excerpt":{"rendered":"<p>Galatasaray&#8217;da uzun y\u0131llard\u0131r beklenen bir transferin ger\u00e7ekle\u015fece\u011fi ileri s\u00fcr\u00fcl\u00fcyor.<\/p>\n","protected":false},"author":1,"featured_media":1954,"comment_status":"open","ping_status":"open","sticky":false,"template":"","format":"standard","meta":{"footnotes":""},"categories":[1],"tags":[126],"class_list":["post-1953","post","type-post","status-publish","format-standard","has-post-thumbnail","hentry","category-galatasaray-haber","tag-ilkay-gundogan"],"_links":{"self":[{"href":"https:\/\/habergalatasaray.tr\/index.php\/wp-json\/wp\/v2\/posts\/1953","targetHints":{"allow":["GET"]}}],"collection":[{"href":"https:\/\/habergalatasaray.tr\/index.php\/wp-json\/wp\/v2\/posts"}],"about":[{"href":"https:\/\/habergalatasaray.tr\/index.php\/wp-json\/wp\/v2\/types\/post"}],"author":[{"embeddable":true,"href":"https:\/\/habergalatasaray.tr\/index.php\/wp-json\/wp\/v2\/users\/1"}],"replies":[{"embeddable":true,"href":"https:\/\/habergalatasaray.tr\/index.php\/wp-json\/wp\/v2\/comments?post=1953"}],"version-history":[{"count":1,"href":"https:\/\/habergalatasaray.tr\/index.php\/wp-json\/wp\/v2\/posts\/1953\/revisions"}],"predecessor-version":[{"id":1956,"href":"https:\/\/habergalatasaray.tr\/index.php\/wp-json\/wp\/v2\/posts\/1953\/revisions\/1956"}],"wp:featuredmedia":[{"embeddable":true,"href":"https:\/\/habergalatasaray.tr\/index.php\/wp-json\/wp\/v2\/media\/1954"}],"wp:attachment":[{"href":"https:\/\/habergalatasaray.tr\/index.php\/wp-json\/wp\/v2\/media?parent=1953"}],"wp:term":[{"taxonomy":"category","embeddable":true,"href":"https:\/\/habergalatasaray.tr\/index.php\/wp-json\/wp\/v2\/categories?post=1953"},{"taxonomy":"post_tag","embeddable":true,"href":"https:\/\/habergalatasaray.tr\/index.php\/wp-json\/wp\/v2\/tags?post=1953"}],"curies":[{"name":"wp","href":"https:\/\/api.w.org\/{rel}","templated":true}]}}