{"id":1957,"date":"2025-01-08T19:42:46","date_gmt":"2025-01-08T19:42:46","guid":{"rendered":"https:\/\/habergalatasaray.tr\/?p=1957"},"modified":"2025-01-08T19:42:46","modified_gmt":"2025-01-08T19:42:46","slug":"hasan-sas-galatasarayda-bir-oyuncu-antrenmana-uzgun-cikti-benim-ailem-agliyor-dedi","status":"publish","type":"post","link":"https:\/\/habergalatasaray.tr\/index.php\/2025\/01\/08\/hasan-sas-galatasarayda-bir-oyuncu-antrenmana-uzgun-cikti-benim-ailem-agliyor-dedi\/","title":{"rendered":"Hasan \u015ea\u015f: &#8220;Galatasaray&#8217;da bir oyuncu antrenmana \u00fczg\u00fcn \u00e7\u0131kt\u0131, &#8216;Benim ailem a\u011fl\u0131yor?&#8217; dedi&#8221;"},"content":{"rendered":"<p>Yeni A\u00e7\u0131k Youtube kanal\u0131nda Hasan \u015ea\u015f, Yeni A\u00e7\u0131k Youtube kanal\u0131nda Galatasaray&#8217;da vazife ald\u0131\u011f\u0131 devirle ilgili bir an\u0131s\u0131n\u0131 anlatt\u0131.<\/p>\n<p><strong>\u015ea\u015f&#8217;\u0131n a\u00e7\u0131klamalar\u0131 \u015fu halde:<\/strong><\/p>\n<p><strong>&#8220;B\u0130R OYUNCUYU \u0130DMANA \u00c7IKARKEN \u00dcZG\u00dcN G\u00d6RD\u00dcM&#8221;<\/strong><\/p>\n<p>&#8220;Yard\u0131mc\u0131 hocayken bir oyuncuyu idmana \u00e7\u0131kmak \u00fczere merdivenden a\u015fa\u011f\u0131 yanl\u0131\u015fs\u0131z inerken \u00fczg\u00fcn g\u00f6rd\u00fcm. Terc\u00fcman Mert de oradayd\u0131. Mert&#8217;i \u00e7a\u011f\u0131rd\u0131m, &#8216;Adam \u00fczg\u00fcn, idmana \u00e7\u0131kaca\u011f\u0131z, sorunu mu var?&#8217; falan dedim.&#8221;<\/p>\n<p><strong>&#8220;OYUNCU, &#8216;BEN\u0130M A\u0130LEM A&#286;LIYOR&#8217; DED\u0130<\/strong><\/p>\n<p>&#8220;\u00dcnal Aysal liderdi, gelen oyuncular\u0131n maa\u015f\u0131n\u0131 t\u0131k\u0131r t\u0131k\u0131r yat\u0131r\u0131yordu. &#8216;Bu adam ni\u00e7in bu t\u00fcrl\u00fc, bir sor?&#8217; falan dedim. Oyuncu &#8216;Benim ailem a\u011fl\u0131yor?&#8217; dedi. &#8216;Niye a\u011fl\u0131yor?&#8217; falan dedim.&#8221;<\/p>\n<p><strong>&#8220;MAA\u015eI 3 G\u00dcN GEC\u0130KM\u0130\u015e&#8221;<\/strong><\/p>\n<p>&#8220;Maa\u015f\u0131 3 g\u00fcn gecikmi\u015f. Adam geldi\u011fi kul\u00fcpte maa\u015f\u0131n\u0131n an\u0131nda yat\u0131r\u0131lmas\u0131na al\u0131\u015fm\u0131\u015f. Biz de al\u0131\u015fmam\u0131\u015f\u0131z her ay yat\u0131r\u0131lmas\u0131na. Bizde 6 ay, 7 ay, 12 ay&#8230; &#8216;Biz hallederiz&#8217; dedim. Adanaca birka\u00e7 s\u00f6z de s\u00f6yledim, mevzuyu kapatt\u0131m.&#8221; s\u00f6zlerini kulland\u0131.<\/p>\n<p><strong>Kaynak: habersarikirmizi.com<\/strong><\/p>\n","protected":false},"excerpt":{"rendered":"<p>Galatasaray&#8217;\u0131n eski yard\u0131mc\u0131 antren\u00f6r\u00fc Hasan \u015ea\u015f, g\u00fcld\u00fcren bir olay\u0131 anlatt\u0131.<\/p>\n","protected":false},"author":1,"featured_media":1958,"comment_status":"open","ping_status":"open","sticky":false,"template":"","format":"standard","meta":{"footnotes":""},"categories":[1],"tags":[37,32],"class_list":["post-1957","post","type-post","status-publish","format-standard","has-post-thumbnail","hentry","category-galatasaray-haber","tag-bir","tag-oyuncu"],"_links":{"self":[{"href":"https:\/\/habergalatasaray.tr\/index.php\/wp-json\/wp\/v2\/posts\/1957","targetHints":{"allow":["GET"]}}],"collection":[{"href":"https:\/\/habergalatasaray.tr\/index.php\/wp-json\/wp\/v2\/posts"}],"about":[{"href":"https:\/\/habergalatasaray.tr\/index.php\/wp-json\/wp\/v2\/types\/post"}],"author":[{"embeddable":true,"href":"https:\/\/habergalatasaray.tr\/index.php\/wp-json\/wp\/v2\/users\/1"}],"replies":[{"embeddable":true,"href":"https:\/\/habergalatasaray.tr\/index.php\/wp-json\/wp\/v2\/comments?post=1957"}],"version-history":[{"count":1,"href":"https:\/\/habergalatasaray.tr\/index.php\/wp-json\/wp\/v2\/posts\/1957\/revisions"}],"predecessor-version":[{"id":1959,"href":"https:\/\/habergalatasaray.tr\/index.php\/wp-json\/wp\/v2\/posts\/1957\/revisions\/1959"}],"wp:featuredmedia":[{"embeddable":true,"href":"https:\/\/habergalatasaray.tr\/index.php\/wp-json\/wp\/v2\/media\/1958"}],"wp:attachment":[{"href":"https:\/\/habergalatasaray.tr\/index.php\/wp-json\/wp\/v2\/media?parent=1957"}],"wp:term":[{"taxonomy":"category","embeddable":true,"href":"https:\/\/habergalatasaray.tr\/index.php\/wp-json\/wp\/v2\/categories?post=1957"},{"taxonomy":"post_tag","embeddable":true,"href":"https:\/\/habergalatasaray.tr\/index.php\/wp-json\/wp\/v2\/tags?post=1957"}],"curies":[{"name":"wp","href":"https:\/\/api.w.org\/{rel}","templated":true}]}}