{"id":1963,"date":"2025-01-08T20:30:46","date_gmt":"2025-01-08T20:30:46","guid":{"rendered":"https:\/\/habergalatasaray.tr\/?p=1963"},"modified":"2025-01-08T20:30:46","modified_gmt":"2025-01-08T20:30:46","slug":"haluk-yurekli-galatasarayla-meselesi-var-sen-sovmen-degilsin-kendine-gel","status":"publish","type":"post","link":"https:\/\/habergalatasaray.tr\/index.php\/2025\/01\/08\/haluk-yurekli-galatasarayla-meselesi-var-sen-sovmen-degilsin-kendine-gel\/","title":{"rendered":"Haluk Y\u00fcrekli: &#8220;Galatasaray&#8217;la meselesi var, sen \u015fovmen de\u011filsin, kendine gel&#8221;"},"content":{"rendered":"<p>Galatasaray&#8217;\u0131n Ba\u015fak\u015fehir ile oynad\u0131\u011f\u0131 T\u00fcrkiye Kupas\u0131 ma\u00e7\u0131nda \u00c7a\u011fda\u015f Atan&#8217;\u0131n hareketleri ma\u00e7\u0131n \u00f6n\u00fcne ge\u00e7ti.<\/p>\n<p>Spor Gecesi Digital Youtube kanal\u0131nda Haluk Y\u00fcrekli, Galatasaray &#8211; Ba\u015fak\u015fehir ma\u00e7\u0131yla ilgili yorumlarda bulundu.<\/p>\n<p><strong>Y\u00fcrekli&#8217;nin a\u00e7\u0131klamalar\u0131 \u015fu formda:<\/strong><\/p>\n<p><strong>&#8220;SEN \u015eOVMEN DE&#286;\u0130LS\u0130N&#8221;<\/strong><\/p>\n<p>&#8220;Ali Ko\u00e7, bug\u00fcn \u00c7a\u011fda\u015f&#8217;a havucu g\u00f6sterdi. \u00c7a\u011fda\u015f&#8217;\u0131n \u00f6nemli manada Galatasaray&#8217;la s\u0131k\u0131nt\u0131s\u0131 var. Bug\u00fcn Ali Ko\u00e7&#8217;un \u00c7a\u011fda\u015f Atan&#8217;\u0131n ismini vermesiyle; motivasyonunun daha da artt\u0131\u011f\u0131n\u0131 d\u00fc\u015f\u00fcn\u00fcyorum. Saha kenar\u0131nda garip garip hareketler yap\u0131yor. Sen \u015fovmen de\u011filsin, teknik direkt\u00f6rs\u00fcn! Kendine gel.&#8221;<\/p>\n<p><strong>&#8220;ORTA ALANA DESTEK GEREK&#8221;<\/strong><\/p>\n<p>&#8220;Galatasaray&#8217;\u0131n orta alana destek yapmas\u0131 gerekiyor. Oradaki rotasyon yetersiz. G\u00fcvenebilece\u011fin yaln\u0131zca Gabriel Sara ve Torreira var.&#8221;<\/p>\n<p><strong>&#8220;3 DESTEKTEN FAZLA YAPILMALI&#8221;<\/strong><\/p>\n<p>&#8220;Galatasaray 3 destekten daha fazla destek yapmal\u0131. Orta alana benim g\u00f6rd\u00fc\u011f\u00fcm kadar\u0131yla Okan Buruk, destek d\u00fc\u015f\u00fcnm\u00fcyor lakin Berkan Kutlu ve Kerem Demirbay k\u00e2fi de\u011fil.&#8221; tabirlerini kulland\u0131.<\/p>\n","protected":false},"excerpt":{"rendered":"<p>Galatasaray, T\u00fcrkiye Kupas\u0131&#8217;nda Ba\u015fak\u015fehir ile 2-2 berabere kalarak nama\u011flup yoluna devam etti.<\/p>\n","protected":false},"author":1,"featured_media":1964,"comment_status":"open","ping_status":"open","sticky":false,"template":"","format":"standard","meta":{"footnotes":""},"categories":[1],"tags":[24,127],"class_list":["post-1963","post","type-post","status-publish","format-standard","has-post-thumbnail","hentry","category-galatasaray-haber","tag-galatasaray","tag-takviye"],"_links":{"self":[{"href":"https:\/\/habergalatasaray.tr\/index.php\/wp-json\/wp\/v2\/posts\/1963","targetHints":{"allow":["GET"]}}],"collection":[{"href":"https:\/\/habergalatasaray.tr\/index.php\/wp-json\/wp\/v2\/posts"}],"about":[{"href":"https:\/\/habergalatasaray.tr\/index.php\/wp-json\/wp\/v2\/types\/post"}],"author":[{"embeddable":true,"href":"https:\/\/habergalatasaray.tr\/index.php\/wp-json\/wp\/v2\/users\/1"}],"replies":[{"embeddable":true,"href":"https:\/\/habergalatasaray.tr\/index.php\/wp-json\/wp\/v2\/comments?post=1963"}],"version-history":[{"count":1,"href":"https:\/\/habergalatasaray.tr\/index.php\/wp-json\/wp\/v2\/posts\/1963\/revisions"}],"predecessor-version":[{"id":1965,"href":"https:\/\/habergalatasaray.tr\/index.php\/wp-json\/wp\/v2\/posts\/1963\/revisions\/1965"}],"wp:featuredmedia":[{"embeddable":true,"href":"https:\/\/habergalatasaray.tr\/index.php\/wp-json\/wp\/v2\/media\/1964"}],"wp:attachment":[{"href":"https:\/\/habergalatasaray.tr\/index.php\/wp-json\/wp\/v2\/media?parent=1963"}],"wp:term":[{"taxonomy":"category","embeddable":true,"href":"https:\/\/habergalatasaray.tr\/index.php\/wp-json\/wp\/v2\/categories?post=1963"},{"taxonomy":"post_tag","embeddable":true,"href":"https:\/\/habergalatasaray.tr\/index.php\/wp-json\/wp\/v2\/tags?post=1963"}],"curies":[{"name":"wp","href":"https:\/\/api.w.org\/{rel}","templated":true}]}}