{"id":1983,"date":"2025-01-08T23:18:46","date_gmt":"2025-01-08T23:18:46","guid":{"rendered":"https:\/\/habergalatasaray.tr\/?p=1983"},"modified":"2025-01-08T23:18:46","modified_gmt":"2025-01-08T23:18:46","slug":"ugur-karakullukcu-galatasaray-alsin-yildiz-olabilecek-bir-oyuncu","status":"publish","type":"post","link":"https:\/\/habergalatasaray.tr\/index.php\/2025\/01\/08\/ugur-karakullukcu-galatasaray-alsin-yildiz-olabilecek-bir-oyuncu\/","title":{"rendered":"U\u011fur Karakulluk\u00e7u: &#8220;Galatasaray als\u0131n, y\u0131ld\u0131z olabilecek bir oyuncu&#8221;"},"content":{"rendered":"<p>Galatasarayl\u0131 yorumcu U\u011fur Karakulluk\u00e7u, Youtube kanal\u0131nda Ba\u015fake\u015fhir ma\u00e7\u0131yla ilgili yorumlarda bulundu.<\/p>\n<p><strong>Karakulluk\u00e7u&#8217;nun a\u00e7\u0131klamalar\u0131 \u015fu halde:<\/strong><\/p>\n<p><strong>&#8220;ROTASYON \u00c7OK DO&#286;AL&#8221;<\/strong><\/p>\n<p>&#8220;Rotasyon yap\u0131lmas\u0131 \u00e7ok do\u011fal. Bu oyuncular ma\u00e7 oynayacak. Ba\u015fka ma\u00e7larda daha fazlas\u0131 da olabilir.&#8221; <\/p>\n<p><strong>&#8220;EFE AKMAN Y\u0130\u011e\u0130T DE&#286;\u0130L&#8221;<\/strong><\/p>\n<p>&#8220;Efe Akman yetenek sorunu olan bir oyuncu de\u011fil, paslar\u0131 kaliteli ancak yavuz de\u011fil. Daha fazla fark hissettirmeli. Yan\u0131lg\u0131  yapmadan oynamaya \u00e7ok konsantre \u00e7\u0131km\u0131\u015f. Daha farkl\u0131 \u015feyler beklerdim.&#8221;<\/p>\n<p><strong>&#8220;PENALTIYI BIRAK, FAUL B\u0130LE YOK&#8221;<\/strong><\/p>\n<p>&#8220;Ba\u015fak\u015fehir&#8217;in Crespo ile penalt\u0131 bekledi\u011fi durumda Abd\u00fclkerim Bardakc\u0131 faul bile yapm\u0131yor. Penalt\u0131 bekliyorlar o duruma. Crespo ge\u00e7 kald\u0131n abi. Abd\u00fclkerim topa vuruyor, \u00f6n\u00fcndek\u00fc topu uzakla\u015ft\u0131r\u0131yor, Crespo sonra geliyor. K\u0131rm\u0131z\u0131 ve sar\u0131y\u0131 b\u0131rak\u0131n faul bile yok.&#8221;<\/p>\n<p><strong>&#8220;BERKAN KUTLU&#8217;YU BE&#286;END\u0130M&#8221;<\/strong><\/p>\n<p>&#8220;Berkan Kutlu&#8217;yu \u00e7ok be\u011fendim. Birinci yar\u0131da ayakta kalan adamlardan birisi. Atakta da \u00fc\u00e7 tane falan tesirli \u00e7al\u0131m\u0131 var.&#8221;<\/p>\n<p><strong>&#8220;YUSUF DEM\u0130R, MERTENS&#8217;LE ANTRENMAN YAPIYORSUN, \u00d6&#286;RENMEL\u0130S\u0130N&#8221;<\/strong><\/p>\n<p>&#8220;Yusuf Demir \u00e7ok silikti. Mertens&#8217;le o kadar antrenman yap\u0131yorsun, biraz daha \u00f6\u011frenmelisin. Ya\u015f\u0131n da oldu, y\u0131llard\u0131r bir \u015fey g\u00f6stermiyorsunuz.&#8221;<\/p>\n<p><strong>&#8220;ROMULO, YILDIZ OLAB\u0130LECEK B\u0130R OYUNCU&#8221;<\/strong><\/p>\n<p>&#8220;Galatasaray, &#8216;Kenarda g\u00f6n\u00fcl rahatl\u0131\u011f\u0131yla oyuna sokabilece\u011fim 2-3 atak yapaca\u011f\u0131m&#8217; derse &#8216;Tamam&#8217; derim. Mesela Eren Elmal\u0131 ald\u0131n, Ahmed Kutucu ald\u0131n, Romulo ald\u0131n. Bence sorun yok zira Galatasaray&#8217;\u0131n y\u0131ld\u0131za muhta\u00e7l\u0131\u011f\u0131 yok. Bence Romulo da y\u0131ld\u0131z olabilecek bir oyuncu.&#8221; tabirlerini kulland\u0131.<\/p>\n<p><strong>Kaynak: habersarikirmizi.com<\/strong><\/p>\n","protected":false},"excerpt":{"rendered":"<p>Galatasaray, T\u00fcrkiye Kupas\u0131&#8217;na 2-2&#8217;lik Ba\u015fak\u015fehir beraberli\u011fiyle ba\u015flarken rotasyonlu bir tak\u0131mla oynad\u0131.<\/p>\n","protected":false},"author":1,"featured_media":1984,"comment_status":"open","ping_status":"open","sticky":false,"template":"","format":"standard","meta":{"footnotes":""},"categories":[1],"tags":[37,38],"class_list":["post-1983","post","type-post","status-publish","format-standard","has-post-thumbnail","hentry","category-galatasaray-haber","tag-bir","tag-cok"],"_links":{"self":[{"href":"https:\/\/habergalatasaray.tr\/index.php\/wp-json\/wp\/v2\/posts\/1983","targetHints":{"allow":["GET"]}}],"collection":[{"href":"https:\/\/habergalatasaray.tr\/index.php\/wp-json\/wp\/v2\/posts"}],"about":[{"href":"https:\/\/habergalatasaray.tr\/index.php\/wp-json\/wp\/v2\/types\/post"}],"author":[{"embeddable":true,"href":"https:\/\/habergalatasaray.tr\/index.php\/wp-json\/wp\/v2\/users\/1"}],"replies":[{"embeddable":true,"href":"https:\/\/habergalatasaray.tr\/index.php\/wp-json\/wp\/v2\/comments?post=1983"}],"version-history":[{"count":1,"href":"https:\/\/habergalatasaray.tr\/index.php\/wp-json\/wp\/v2\/posts\/1983\/revisions"}],"predecessor-version":[{"id":1985,"href":"https:\/\/habergalatasaray.tr\/index.php\/wp-json\/wp\/v2\/posts\/1983\/revisions\/1985"}],"wp:featuredmedia":[{"embeddable":true,"href":"https:\/\/habergalatasaray.tr\/index.php\/wp-json\/wp\/v2\/media\/1984"}],"wp:attachment":[{"href":"https:\/\/habergalatasaray.tr\/index.php\/wp-json\/wp\/v2\/media?parent=1983"}],"wp:term":[{"taxonomy":"category","embeddable":true,"href":"https:\/\/habergalatasaray.tr\/index.php\/wp-json\/wp\/v2\/categories?post=1983"},{"taxonomy":"post_tag","embeddable":true,"href":"https:\/\/habergalatasaray.tr\/index.php\/wp-json\/wp\/v2\/tags?post=1983"}],"curies":[{"name":"wp","href":"https:\/\/api.w.org\/{rel}","templated":true}]}}