{"id":2012,"date":"2025-01-09T17:42:43","date_gmt":"2025-01-09T17:42:43","guid":{"rendered":"https:\/\/habergalatasaray.tr\/?p=2012"},"modified":"2025-01-09T17:42:43","modified_gmt":"2025-01-09T17:42:43","slug":"adim-adim-galatasarayli-oluyor-galatasaraya-transferini-tamamlamak-icin-geldi","status":"publish","type":"post","link":"https:\/\/habergalatasaray.tr\/index.php\/2025\/01\/09\/adim-adim-galatasarayli-oluyor-galatasaraya-transferini-tamamlamak-icin-geldi\/","title":{"rendered":"Ad\u0131m ad\u0131m Galatasarayl\u0131 oluyor! Galatasaray&#8217;a transferini tamamlamak i\u00e7in geldi!"},"content":{"rendered":"<p>Galatasaray&#8217;da Ocak ay\u0131n\u0131n birinci transferi Eren Elmal\u0131 olacak.<\/p>\n<p><strong>TRANZONSPOR \u0130LE MUAHEDE TAMAM<\/strong><\/p>\n<p>Sar\u0131 k\u0131rm\u0131z\u0131l\u0131 idare, Trabzonspor ile yapt\u0131\u011f\u0131 g\u00f6r\u00fc\u015fmelerden mutabakat sa\u011flam\u0131\u015ft\u0131.<\/p>\n<p><strong>RESM\u0130 \u0130MZALAR ATILACAK<\/strong><\/p>\n<p>24 ya\u015f\u0131ndaki ulusal sol bek oyuncusunun resmi imzay\u0131 atmas\u0131 beklenirken yeni geli\u015fme ya\u015fand\u0131. <\/p>\n<p><strong>MENAJER\u0130 TRABZON&#8217;A GELD\u0130<\/strong><\/p>\n<p>61Saat&#8217;ten Hasan T\u00fcncel&#8217;in haberine nazaran; Eren Elmal\u0131&#8217;n\u0131n menajeri, Eren&#8217;in Galatasaray&#8217;a transferini tamamlamak \u00fczere Trabzon&#8217;a geldi. <\/p>\n<p><img decoding=\"async\" class=\"detayFoto\" src=\"https:\/\/habergalatasaray.tr\/wp-content\/uploads\/2025\/01\/adim-adim-galatasarayli-oluyor-galatasaraya-transferini-tamamlamak-icin-geldi-0-VjIRnDm3.jpg\"><\/p>\n<p><strong>ANLA\u015eMA \u015eARTLARI<\/strong><\/p>\n<p>Eren Elmal\u0131 ile 3,5 y\u0131ll\u0131k kontrat imzalanacak ve y\u0131ll\u0131k 1 milyon Euro civar\u0131nda maa\u015f alacak.<\/p>\n","protected":false},"excerpt":{"rendered":"<p>Galatasaray&#8217;\u0131n tak\u0131m\u0131n\u0131 g\u00fc\u00e7lendirmek i\u00e7in transfer ataklar\u0131 s\u00fcr\u00fcyor.<\/p>\n","protected":false},"author":1,"featured_media":2013,"comment_status":"open","ping_status":"open","sticky":false,"template":"","format":"standard","meta":{"footnotes":""},"categories":[1],"tags":[],"class_list":["post-2012","post","type-post","status-publish","format-standard","has-post-thumbnail","hentry","category-galatasaray-haber"],"_links":{"self":[{"href":"https:\/\/habergalatasaray.tr\/index.php\/wp-json\/wp\/v2\/posts\/2012","targetHints":{"allow":["GET"]}}],"collection":[{"href":"https:\/\/habergalatasaray.tr\/index.php\/wp-json\/wp\/v2\/posts"}],"about":[{"href":"https:\/\/habergalatasaray.tr\/index.php\/wp-json\/wp\/v2\/types\/post"}],"author":[{"embeddable":true,"href":"https:\/\/habergalatasaray.tr\/index.php\/wp-json\/wp\/v2\/users\/1"}],"replies":[{"embeddable":true,"href":"https:\/\/habergalatasaray.tr\/index.php\/wp-json\/wp\/v2\/comments?post=2012"}],"version-history":[{"count":1,"href":"https:\/\/habergalatasaray.tr\/index.php\/wp-json\/wp\/v2\/posts\/2012\/revisions"}],"predecessor-version":[{"id":2015,"href":"https:\/\/habergalatasaray.tr\/index.php\/wp-json\/wp\/v2\/posts\/2012\/revisions\/2015"}],"wp:featuredmedia":[{"embeddable":true,"href":"https:\/\/habergalatasaray.tr\/index.php\/wp-json\/wp\/v2\/media\/2013"}],"wp:attachment":[{"href":"https:\/\/habergalatasaray.tr\/index.php\/wp-json\/wp\/v2\/media?parent=2012"}],"wp:term":[{"taxonomy":"category","embeddable":true,"href":"https:\/\/habergalatasaray.tr\/index.php\/wp-json\/wp\/v2\/categories?post=2012"},{"taxonomy":"post_tag","embeddable":true,"href":"https:\/\/habergalatasaray.tr\/index.php\/wp-json\/wp\/v2\/tags?post=2012"}],"curies":[{"name":"wp","href":"https:\/\/api.w.org\/{rel}","templated":true}]}}