{"id":2137,"date":"2025-01-11T11:18:47","date_gmt":"2025-01-11T11:18:47","guid":{"rendered":"https:\/\/habergalatasaray.tr\/?p=2137"},"modified":"2025-01-11T11:18:47","modified_gmt":"2025-01-11T11:18:47","slug":"mehmet-ozcan-osimhenden-galatasaray-icin-bilgi-aldi-sartlar-zorlanacak-galatasaray-formasi-giyemeye-sicak-bakiyor","status":"publish","type":"post","link":"https:\/\/habergalatasaray.tr\/index.php\/2025\/01\/11\/mehmet-ozcan-osimhenden-galatasaray-icin-bilgi-aldi-sartlar-zorlanacak-galatasaray-formasi-giyemeye-sicak-bakiyor\/","title":{"rendered":"Mehmet \u00d6zcan: &#8220;Osimhen&#8217;den Galatasaray i\u00e7in bilgi ald\u0131, \u015fartlar zorlanacak, Galatasaray formas\u0131 giyemeye s\u0131cak bak\u0131yor&#8221;"},"content":{"rendered":"<p>S\u00fcper Lig&#8217;de nama\u011flup ba\u015fkan olarak devam eden Galatasaray&#8217;da d\u00f6nemin geri kalan\u0131 i\u00e7inde tak\u0131m planlamas\u0131na ba\u015flad\u0131.<\/p>\n<p><strong>JELERT&#8217;\u0130N YER\u0130NE SA&#286; BEK ARANIYOR<\/strong><\/p>\n<p>Sezon ba\u015f\u0131nda Kopenhag&#8217;dan transfer edilen 21 ya\u015f\u0131ndaki Elias Jelert, d\u00f6nemin birinci yar\u0131s\u0131nda 664 ma\u00e7ta alanda kald\u0131.<\/p>\n<p>Ligde 8 puan farkla ba\u015fkan olan sar\u0131 k\u0131rm\u0131z\u0131lar, Avrupa Ligi&#8217;nde de muvaffakiyet hedefliyor. <\/p>\n<p>Bu nedenle devre ortas\u0131 transfer devrini hareketli ge\u00e7irmesi beklenen Galatasaray&#8217;da yeni bir sa\u011f bek aray\u0131\u015f\u0131 ba\u015flad\u0131.<\/p>\n<p><strong>ROTA \u0130NG\u0130LTERE&#8217;YE \u00c7EVR\u0130LD\u0130<\/strong><\/p>\n<p>Sar\u0131 k\u0131rm\u0131z\u0131l\u0131lar \u015fimdi beklenini veremeyen gen\u00e7 Danimarkal\u0131&#8217;n\u0131n yerine rotay\u0131 \u0130ngiltere&#8217;ye \u00e7evirdi.<\/p>\n<p><strong>OLA AINA GEL\u0130\u015eMES\u0130<\/strong><\/p>\n<p>Galatasaray cephesi, Nottingham Forest&#8217;ta forma giyen 28 ya\u015f\u0131ndaki Ola Aina&#8217;ya kancay\u0131 takt\u0131.<\/p>\n<p>Bu d\u00f6nem \u0130ngiltere Premier Lig&#8217;de s\u00fcrpriz bir \u00e7\u0131k\u0131\u015f yakalan Nottingham Forest 3. s\u0131rada yer al\u0131yor.<\/p>\n<p><img decoding=\"async\" class=\"detayFoto\" src=\"https:\/\/habergalatasaray.tr\/wp-content\/uploads\/2025\/01\/mehmet-ozcan-osimhenden-galatasaray-icin-bilgi-aldi-sartlar-zorlanacak-galatasaray-formasi-giyemeye-sicak-bakiyor-uuWsfRrJ.jpg\"><\/p>\n<p><strong>TAKIMIN VAZGE\u00c7\u0130LMEZ\u0130 KONUMUNDA<\/strong><\/p>\n<p>\u0130lk 11&#8217;in vazge\u00e7ilmezleri ortas\u0131nda olan Nijeryal\u0131 sa\u011f bek, 20 ma\u00e7ta 2 gol kaydederken g\u00f6sterdi\u011fi performansla olduk\u00e7a formda g\u00f6z\u00fck\u00fcyor.<\/p>\n<p>Genelde 3&#8217;l\u00fc savunma tercih eden \u0130ngiliz tak\u0131m\u0131nda hem sa\u011f hem de sol kanat bekte vazife alan Ola Aina, transfer edilmesi halinde Okan Buruk&#8217;un elini g\u00fc\u00e7lendirecek.<\/p>\n<p>Chelsea altyap\u0131s\u0131ndan yeti\u015fen futbolcu mesle\u011finde daha evvel Hull City, Torino ve Fulham formalar\u0131n\u0131 giydi.<\/p>\n<p><strong>OSIMHEN&#8217;DEN B\u0130LG\u0130 ALDI<\/strong><\/p>\n<p>S\u00f6zle\u015fmesi d\u00f6nem sonunda sona erecek olan Nijeryal\u0131 futbolcunun ulusal gruptan arkada\u015f\u0131 Victor Osimhen&#8217;den de Galatasaray hakk\u0131nda bilgi ald\u0131\u011f\u0131 kaydedildi.<\/p>\n<p><strong>GALATASARAY&#8217;A GELMEYE SICAK<\/strong><\/p>\n<p>Aina, kul\u00fcplerin mutabakat\u0131 halinde Galatasaray formas\u0131n\u0131 giymeye s\u0131cak bakt\u0131\u011f\u0131n\u0131 belirtti.<\/p>\n<p>Aslan, orta transferde \u00f6nceli\u011fi atak oyuncusuna verse de Jelert ile yollar\u0131n ayr\u0131lmas\u0131 halinde g\u00f6r\u00fc\u015fmeleri s\u0131kla\u015ft\u0131racak.<\/p>\n<p><strong>\u015eARTLAR ZORLANACAK<\/strong><\/p>\n<p>9 milyon Euro&#8217;luk yat\u0131r\u0131m yap\u0131lan Danimarkal\u0131 isim ziyan etme de\u011ferine sat\u0131l\u0131rsa, Ola Aina i\u00e7in ko\u015fullar zorlanacak.<\/p>\n<p><strong>Kaynak: Mehmet \u00d6zcan \/ Sabah<\/strong><\/p>\n","protected":false},"excerpt":{"rendered":"<p>Galatasaray, transferde rotas\u0131n\u0131 \u0130ngiltere&#8217;ye \u00e7evirdi ve de\u011ferli bir transfer at\u0131l\u0131m\u0131na ba\u015flad\u0131.<\/p>\n","protected":false},"author":1,"featured_media":2138,"comment_status":"open","ping_status":"open","sticky":false,"template":"","format":"standard","meta":{"footnotes":""},"categories":[1],"tags":[134,58,143],"class_list":["post-2137","post","type-post","status-publish","format-standard","has-post-thumbnail","hentry","category-galatasaray-haber","tag-ara","tag-bek","tag-ola"],"_links":{"self":[{"href":"https:\/\/habergalatasaray.tr\/index.php\/wp-json\/wp\/v2\/posts\/2137","targetHints":{"allow":["GET"]}}],"collection":[{"href":"https:\/\/habergalatasaray.tr\/index.php\/wp-json\/wp\/v2\/posts"}],"about":[{"href":"https:\/\/habergalatasaray.tr\/index.php\/wp-json\/wp\/v2\/types\/post"}],"author":[{"embeddable":true,"href":"https:\/\/habergalatasaray.tr\/index.php\/wp-json\/wp\/v2\/users\/1"}],"replies":[{"embeddable":true,"href":"https:\/\/habergalatasaray.tr\/index.php\/wp-json\/wp\/v2\/comments?post=2137"}],"version-history":[{"count":1,"href":"https:\/\/habergalatasaray.tr\/index.php\/wp-json\/wp\/v2\/posts\/2137\/revisions"}],"predecessor-version":[{"id":2140,"href":"https:\/\/habergalatasaray.tr\/index.php\/wp-json\/wp\/v2\/posts\/2137\/revisions\/2140"}],"wp:featuredmedia":[{"embeddable":true,"href":"https:\/\/habergalatasaray.tr\/index.php\/wp-json\/wp\/v2\/media\/2138"}],"wp:attachment":[{"href":"https:\/\/habergalatasaray.tr\/index.php\/wp-json\/wp\/v2\/media?parent=2137"}],"wp:term":[{"taxonomy":"category","embeddable":true,"href":"https:\/\/habergalatasaray.tr\/index.php\/wp-json\/wp\/v2\/categories?post=2137"},{"taxonomy":"post_tag","embeddable":true,"href":"https:\/\/habergalatasaray.tr\/index.php\/wp-json\/wp\/v2\/tags?post=2137"}],"curies":[{"name":"wp","href":"https:\/\/api.w.org\/{rel}","templated":true}]}}