{"id":2343,"date":"2025-01-13T07:48:33","date_gmt":"2025-01-13T07:48:33","guid":{"rendered":"https:\/\/habergalatasaray.tr\/?p=2343"},"modified":"2025-01-13T07:48:33","modified_gmt":"2025-01-13T07:48:33","slug":"tanju-colak-ben-hayatimda-boyle-uyusuk-topcu-gormedim-galatasaray-sana-ciddi-paralar-veriyor","status":"publish","type":"post","link":"https:\/\/habergalatasaray.tr\/index.php\/2025\/01\/13\/tanju-colak-ben-hayatimda-boyle-uyusuk-topcu-gormedim-galatasaray-sana-ciddi-paralar-veriyor\/","title":{"rendered":"Tanju \u00c7olak: &#8220;Ben hayat\u0131mda b\u00f6yle uyu\u015fuk top\u00e7u g\u00f6rmedim, Galatasaray sana ciddi paralar veriyor&#8221;"},"content":{"rendered":"<p>Beyaz TV yorumcusu Tanju \u00c7olak, Ba\u015fak\u015fehir FK &#8211; Galatasaray ma\u00e7\u0131yla ilgili yorumlarda bulundu.<\/p>\n<p><strong>\u00c7olak&#8217;\u0131n a\u00e7\u0131klamalar\u0131 \u015fu bi\u00e7imde:<\/strong><\/p>\n<p><strong>&#8220;MA\u00c7TAN \u00c7OK ZEVK ALDIM&#8221;<\/strong><\/p>\n<p>&#8220;Ba\u015fak\u015fehir ve Galatasaray gruplar\u0131 kar\u015f\u0131l\u0131kl\u0131 olarak \u00e7ok uygun oynad\u0131lar. \u0130ki ekibi da kutluyorum. Ben de ma\u00e7tan \u00e7ok zevk ald\u0131m.&#8221;<\/p>\n<p><strong>&#8220;MA\u00c7 SE\u00c7M\u0130YORLAR&#8221;<\/strong><\/p>\n<p>&#8220;Galatasarayl\u0131 oyuncular, \u00e7ok u\u011fra\u015f etti ve istek g\u00f6sterdi. Ma\u00e7 se\u00e7miyorlar, yaln\u0131zca kazanmak i\u00e7in oynuyorlar. 1-2 oyuncu d\u0131\u015f\u0131nda herkes elinden geleni yapt\u0131.&#8221;<\/p>\n<p><strong>&#8220;SA&#286; BEK AKSIYOR&#8221;<\/strong><\/p>\n<p>&#8220;Sacha Boey gitti\u011finden beri birebir \u015feyi s\u00f6yl\u00fcyorum. Galatasaray&#8217;de sa\u011f bek aks\u0131yor. Elias Jelert o denli. Kaan Ayhan da maalesef atakta k\u00e2fi katk\u0131y\u0131 veremiyor. Bu t\u00fcrl\u00fc olunca bekler \u00e7ok ileri \u00e7\u0131kamad\u0131.&#8221;<\/p>\n<p><strong>&#8220;11 K\u0130\u015e\u0130 TOPUN GER\u0130S\u0130NE \u00c7EK\u0130LD\u0130&#8221;<\/strong><\/p>\n<p>&#8220;Galatasaray, bilhassa skor \u00fcst\u00fcnl\u00fc\u011f\u00fcn\u00fc ald\u0131ktan sonra 10 ki\u015fi demiyorum 11 ki\u015finin tamam\u0131 topun gerisine \u00e7ekilmek zorunda kald\u0131. Bu tabanda \u00e7ok ho\u015f futbol yoktu lakin \u00e7aba vard\u0131. Savunma gerisine top ka\u00e7\u0131r\u0131yorlar fakat yerle\u015ftikleri vakit \u00e7ok durum vermiyorlar. Bilhassa hava toplar\u0131na hakimlerdi.&#8221;<\/p>\n<p><strong>&#8220;BEN HAYATIMDA BU T\u00dcRL\u00dc UYU\u015eUK TOP\u00c7U G\u00d6RMED\u0130M&#8221;<\/strong><\/p>\n<p>&#8220;Kerem Demirbay&#8217;a \u00f6nemli ele\u015ftirim olacak. Hem kupada hem de ligde talih buluyorsun ve d\u00fczg\u00fcn oynam\u0131yorsun. Ben hayat\u0131mda bu t\u00fcrl\u00fc uyu\u015fuk top\u00e7u g\u00f6rmedim. Sana iki kez talih gelmi\u015f, ni\u00e7in de\u011ferlendiremiyorsun? Alanda adeta ruh \u00fczere gezdi. Hem az \u00e7aba ediyor hem de \u00e7ok yoruluyor. Ben bu i\u015ften hi\u00e7bir \u015fey anlamad\u0131m. Sen Alman disiplini g\u00f6rm\u00fc\u015f bir adams\u0131n, yede\u011fe d\u00fc\u015ft\u00fcn diye bu kadar kolay pes etmemen laz\u0131m. Galatasaray sana \u00f6nemli paralar veriyor. \u0130sim yapm\u0131\u015f oyuncusun.&#8221; tabirlerini kulland\u0131.<\/p>\n<p><strong>Kaynak: habersarikirmizi.com<\/strong><\/p>\n","protected":false},"excerpt":{"rendered":"<p>Galatasaray, S\u00fcper Lig&#8217;de Ba\u015fak\u015fehir FK deplasman\u0131ndan kritik bir galibiyet ald\u0131.<\/p>\n","protected":false},"author":1,"featured_media":2344,"comment_status":"open","ping_status":"open","sticky":false,"template":"","format":"standard","meta":{"footnotes":""},"categories":[1],"tags":[38,24,71,109],"class_list":["post-2343","post","type-post","status-publish","format-standard","has-post-thumbnail","hentry","category-galatasaray-haber","tag-cok","tag-galatasaray","tag-mac","tag-top"],"_links":{"self":[{"href":"https:\/\/habergalatasaray.tr\/index.php\/wp-json\/wp\/v2\/posts\/2343","targetHints":{"allow":["GET"]}}],"collection":[{"href":"https:\/\/habergalatasaray.tr\/index.php\/wp-json\/wp\/v2\/posts"}],"about":[{"href":"https:\/\/habergalatasaray.tr\/index.php\/wp-json\/wp\/v2\/types\/post"}],"author":[{"embeddable":true,"href":"https:\/\/habergalatasaray.tr\/index.php\/wp-json\/wp\/v2\/users\/1"}],"replies":[{"embeddable":true,"href":"https:\/\/habergalatasaray.tr\/index.php\/wp-json\/wp\/v2\/comments?post=2343"}],"version-history":[{"count":1,"href":"https:\/\/habergalatasaray.tr\/index.php\/wp-json\/wp\/v2\/posts\/2343\/revisions"}],"predecessor-version":[{"id":2345,"href":"https:\/\/habergalatasaray.tr\/index.php\/wp-json\/wp\/v2\/posts\/2343\/revisions\/2345"}],"wp:featuredmedia":[{"embeddable":true,"href":"https:\/\/habergalatasaray.tr\/index.php\/wp-json\/wp\/v2\/media\/2344"}],"wp:attachment":[{"href":"https:\/\/habergalatasaray.tr\/index.php\/wp-json\/wp\/v2\/media?parent=2343"}],"wp:term":[{"taxonomy":"category","embeddable":true,"href":"https:\/\/habergalatasaray.tr\/index.php\/wp-json\/wp\/v2\/categories?post=2343"},{"taxonomy":"post_tag","embeddable":true,"href":"https:\/\/habergalatasaray.tr\/index.php\/wp-json\/wp\/v2\/tags?post=2343"}],"curies":[{"name":"wp","href":"https:\/\/api.w.org\/{rel}","templated":true}]}}