{"id":2355,"date":"2025-01-13T09:36:34","date_gmt":"2025-01-13T09:36:34","guid":{"rendered":"https:\/\/habergalatasaray.tr\/?p=2355"},"modified":"2025-01-13T09:36:34","modified_gmt":"2025-01-13T09:36:34","slug":"galatasaraya-gel-iki-yillik-imza-at-5-milyon-euro-yillik-maas-verelim","status":"publish","type":"post","link":"https:\/\/habergalatasaray.tr\/index.php\/2025\/01\/13\/galatasaraya-gel-iki-yillik-imza-at-5-milyon-euro-yillik-maas-verelim\/","title":{"rendered":"&#8220;Galatasaray&#8217;a gel, iki y\u0131ll\u0131k imza at, 5 milyon Euro y\u0131ll\u0131k maa\u015f verelim&#8221;"},"content":{"rendered":"<p>Ara transfer \u00e7al\u0131\u015fmalar\u0131n\u0131 s\u00fcrd\u00fcren Galatasaray&#8217;\u0131n \u0130lkay G\u00fcndo\u011fan ile g\u00f6r\u00fc\u015ft\u00fc\u011f\u00fc \u00f6ne s\u00fcr\u00fclm\u00fc\u015ft\u00fc. <\/p>\n<p>Okan Buruk ise ge\u00e7ti\u011fimiz hafta yapt\u0131\u011f\u0131 a\u00e7\u0131klamada \u0130lkay G\u00fcndo\u011fan&#8217;\u0131n d\u00f6nemi Manchester City&#8217;de tamamlayaca\u011f\u0131n\u0131 bildirmi\u015fti.<\/p>\n<p><strong>\u0130NG\u0130L\u0130Z BASINI DUYURDU<\/strong><\/p>\n<p>\u0130ngiliz bas\u0131n\u0131nda Okan Buruk&#8217;un &#8220;Bir g\u00fcn Galatasaray formas\u0131n\u0131 giyerse taraftarlar\u0131 sevindirir&#8221; tabirlerini kulland\u0131\u011f\u0131 \u0130lkay G\u00fcndo\u011fan i\u00e7in dikkat \u00e7eken bir haber yer ald\u0131.<\/p>\n<p><strong>GALATASARAY, 5 M\u0130LYON EURO \u00d6DEMEYE HAZIR<\/strong><\/p>\n<p>The Sun&#8217;\u0131n habere nazaran Galatasaray, \u0130lkay G\u00fcndo\u011fan&#8217;\u0131n y\u0131ll\u0131k 5 milyon Euro olan maa\u015f\u0131n\u0131 2 y\u0131l boyunca kar\u015f\u0131lamaya haz\u0131r.<\/p>\n<p><strong>GUARDIOLA&#8217;NIN TAKIMINDA DE YER ALMA \u0130HT\u0130MAL\u0130 VAR<\/strong><\/p>\n<p>Haberde \u0130lkay G\u00fcndo\u011fan&#8217;\u0131n Manchester City&#8217;de kal\u0131p ilerde Pep Guardiola&#8217;n\u0131n teknik tak\u0131m\u0131nda yer almas\u0131n\u0131n da bir opsiyon oldu\u011fu belirtildi.<\/p>\n<p><strong>\u0130LKAY \u0130\u00c7\u0130N SIKINTI TERC\u0130H<\/strong><\/p>\n<p>Galatasaray taraftar\u0131 olan \u0130lkay G\u00fcndo\u011fan i\u00e7in tercih yapman\u0131n s\u0131k\u0131nt\u0131 oldu\u011fu haber ayr\u0131nt\u0131s\u0131nda yer ald\u0131.<\/p>\n<p><img decoding=\"async\" class=\"detayFoto\" src=\"https:\/\/habergalatasaray.tr\/wp-content\/uploads\/2025\/01\/galatasaraya-gel-iki-yillik-imza-at-5-milyon-euro-yillik-maas-verelim-0-ap2zsc9j.jpg\"><\/p>\n<p><strong>BU SEZONK\u0130 PERFORMANSI<\/strong><\/p>\n<p>Bu d\u00f6nem 26 ma\u00e7ta forma giyi\u011f 1661 dakika m\u00fcddet alan \u0130lkay G\u00fcndo\u011fan 2 gol, 1 asistlik skor katk\u0131s\u0131 verdi.<\/p>\n","protected":false},"excerpt":{"rendered":"<p>Galatasaray, y\u0131ld\u0131z oyuncu i\u00e7in transferde t\u00fcm kurallar\u0131n\u0131 zorluyor.<\/p>\n","protected":false},"author":1,"featured_media":2356,"comment_status":"open","ping_status":"open","sticky":false,"template":"","format":"standard","meta":{"footnotes":""},"categories":[1],"tags":[126],"class_list":["post-2355","post","type-post","status-publish","format-standard","has-post-thumbnail","hentry","category-galatasaray-haber","tag-ilkay-gundogan"],"_links":{"self":[{"href":"https:\/\/habergalatasaray.tr\/index.php\/wp-json\/wp\/v2\/posts\/2355","targetHints":{"allow":["GET"]}}],"collection":[{"href":"https:\/\/habergalatasaray.tr\/index.php\/wp-json\/wp\/v2\/posts"}],"about":[{"href":"https:\/\/habergalatasaray.tr\/index.php\/wp-json\/wp\/v2\/types\/post"}],"author":[{"embeddable":true,"href":"https:\/\/habergalatasaray.tr\/index.php\/wp-json\/wp\/v2\/users\/1"}],"replies":[{"embeddable":true,"href":"https:\/\/habergalatasaray.tr\/index.php\/wp-json\/wp\/v2\/comments?post=2355"}],"version-history":[{"count":1,"href":"https:\/\/habergalatasaray.tr\/index.php\/wp-json\/wp\/v2\/posts\/2355\/revisions"}],"predecessor-version":[{"id":2358,"href":"https:\/\/habergalatasaray.tr\/index.php\/wp-json\/wp\/v2\/posts\/2355\/revisions\/2358"}],"wp:featuredmedia":[{"embeddable":true,"href":"https:\/\/habergalatasaray.tr\/index.php\/wp-json\/wp\/v2\/media\/2356"}],"wp:attachment":[{"href":"https:\/\/habergalatasaray.tr\/index.php\/wp-json\/wp\/v2\/media?parent=2355"}],"wp:term":[{"taxonomy":"category","embeddable":true,"href":"https:\/\/habergalatasaray.tr\/index.php\/wp-json\/wp\/v2\/categories?post=2355"},{"taxonomy":"post_tag","embeddable":true,"href":"https:\/\/habergalatasaray.tr\/index.php\/wp-json\/wp\/v2\/tags?post=2355"}],"curies":[{"name":"wp","href":"https:\/\/api.w.org\/{rel}","templated":true}]}}