{"id":2392,"date":"2025-01-14T00:12:34","date_gmt":"2025-01-14T00:12:34","guid":{"rendered":"https:\/\/habergalatasaray.tr\/?p=2392"},"modified":"2025-01-14T00:12:34","modified_gmt":"2025-01-14T00:12:34","slug":"ali-koc-galatasarayin-bizim-kadar-yok-ben-galatasarayi-gecip","status":"publish","type":"post","link":"https:\/\/habergalatasaray.tr\/index.php\/2025\/01\/14\/ali-koc-galatasarayin-bizim-kadar-yok-ben-galatasarayi-gecip\/","title":{"rendered":"Ali Ko\u00e7: &#8220;Galatasaray&#8217;\u0131n bizim kadar yok, ben Galatasaray&#8217;\u0131 ge\u00e7ip&#8230;&#8221;"},"content":{"rendered":"<p>HT Spor yorumcusu R\u0131dvan Dilmen, Galatasaray ve Fenerbah\u00e7e rekabetini k\u0131ymetlendirdi.<\/p>\n<p>R\u0131dvan Dilmen, Ali Ko\u00e7&#8217;un \u015fampiyonlukla ilgili s\u00f6yledi\u011fi s\u00f6zleri aktard\u0131.<\/p>\n<p><strong>Dilmen&#8217;in a\u00e7\u0131klamalar\u0131 \u015fu formda:<\/strong><\/p>\n<p><strong>&#8220;AL\u0130 KO\u00c7, &#8216;GALATASARAY&#8217;I GE\u00c7\u0130P \u015eAMP\u0130YON OLACA&#286;IZ&#8217; DEM\u0130\u015e&#8221;<\/strong><\/p>\n<p>&#8220;Say\u0131n Ali Ko\u00e7, \u0130dare \u015euras\u0131&#8217;nda Galatasaray&#8217;\u0131 yakalayacaklar\u0131n\u0131 ve transferle ilgili \u015funlar\u0131 s\u00f6ylemi\u015f; &#8216;Galatasaray&#8217;\u0131n tak\u0131m derinli\u011fi bizim kadar yok. Talisca gelirse onun d\u0131\u015f\u0131nda 3 transfer yapaca\u011f\u0131z. Ben Galatasaray&#8217;\u0131 ge\u00e7ip \u015fampiyon olaca\u011f\u0131m\u0131za inan\u0131yorum. Bu d\u00f6nem \u015fampiyon olamazsak bile gelecek y\u0131l\u0131n tak\u0131m\u0131n\u0131 bu transfer periyodunda olu\u015fturup seneye favori gireriz&#8217; demi\u015f. Ali Bey nitekim reaksiyonlar\u0131 hissetmi\u015f durumda. Kad\u0131k\u00f6y&#8217;deki Hatayspor ma\u00e7\u0131nda bu durum \u00e7ok hissedildi.&#8221;<\/p>\n<p><strong>&#8220;GALATASARAY, AVRUPA&#8217;DA MUVAFFAK\u0130YET HEDEFL\u0130YOR&#8221;<\/strong><\/p>\n<p>&#8220;Ali Ko\u00e7&#8217;un Jose Mourinho&#8217;nun isteklerine nazaran paraya k\u0131yaca\u011f\u0131n\u0131 \u00f6\u011frendim. Galatasaray da transfer yapacak. Zira Avrupa&#8217;da muvaffakiyet hedefliyorlar. Birinci 11&#8217;e bakt\u0131\u011f\u0131m\u0131z vakit g\u00f6zle g\u00f6r\u00fcl\u00fcr bir eksiklik g\u00f6rm\u00fcyoruz lakin Okan Buruk yedek kul\u00fcbesinden hi\u00e7bir katk\u0131 alam\u0131yor. Daima kendi \u00fcretiyor, de\u011fi\u015fik formasyonlar deneyip kazanman\u0131n yollar\u0131n\u0131 ar\u0131yor.&#8221;<\/p>\n<p><strong>&#8220;8 PUAN FARK ATMI\u015e KADROYA KATKI YAPACAKLAR&#8221;<\/strong><\/p>\n<p>&#8220;Galatasaray, Mauro Icardi&#8217;nin \u00fczerine Victor Osimhen&#8217;i al\u0131p herkesi nas\u0131l \u015fa\u015f\u0131rtt\u0131ysa art\u0131k de rakibine 8 puan fark atm\u0131\u015f grubunun \u00fczerine katk\u0131lar yap\u0131p o formda yoluna devam edecektir.&#8221; s\u00f6zlerini kulland\u0131.<\/p>\n<p><strong>Kaynak: habersarikirmizi.com<\/strong><\/p>\n","protected":false},"excerpt":{"rendered":"<p>Galatasaray, S\u00fcper Lig&#8217;de kay\u0131ps\u0131z yoluna devam ederken Fenerbah\u00e7e&#8217;ye 8 puanl\u0131k fark att\u0131.<\/p>\n","protected":false},"author":1,"featured_media":2393,"comment_status":"open","ping_status":"open","sticky":false,"template":"","format":"standard","meta":{"footnotes":""},"categories":[1],"tags":[173,24],"class_list":["post-2392","post","type-post","status-publish","format-standard","has-post-thumbnail","hentry","category-galatasaray-haber","tag-ali","tag-galatasaray"],"_links":{"self":[{"href":"https:\/\/habergalatasaray.tr\/index.php\/wp-json\/wp\/v2\/posts\/2392","targetHints":{"allow":["GET"]}}],"collection":[{"href":"https:\/\/habergalatasaray.tr\/index.php\/wp-json\/wp\/v2\/posts"}],"about":[{"href":"https:\/\/habergalatasaray.tr\/index.php\/wp-json\/wp\/v2\/types\/post"}],"author":[{"embeddable":true,"href":"https:\/\/habergalatasaray.tr\/index.php\/wp-json\/wp\/v2\/users\/1"}],"replies":[{"embeddable":true,"href":"https:\/\/habergalatasaray.tr\/index.php\/wp-json\/wp\/v2\/comments?post=2392"}],"version-history":[{"count":1,"href":"https:\/\/habergalatasaray.tr\/index.php\/wp-json\/wp\/v2\/posts\/2392\/revisions"}],"predecessor-version":[{"id":2394,"href":"https:\/\/habergalatasaray.tr\/index.php\/wp-json\/wp\/v2\/posts\/2392\/revisions\/2394"}],"wp:featuredmedia":[{"embeddable":true,"href":"https:\/\/habergalatasaray.tr\/index.php\/wp-json\/wp\/v2\/media\/2393"}],"wp:attachment":[{"href":"https:\/\/habergalatasaray.tr\/index.php\/wp-json\/wp\/v2\/media?parent=2392"}],"wp:term":[{"taxonomy":"category","embeddable":true,"href":"https:\/\/habergalatasaray.tr\/index.php\/wp-json\/wp\/v2\/categories?post=2392"},{"taxonomy":"post_tag","embeddable":true,"href":"https:\/\/habergalatasaray.tr\/index.php\/wp-json\/wp\/v2\/tags?post=2392"}],"curies":[{"name":"wp","href":"https:\/\/api.w.org\/{rel}","templated":true}]}}