{"id":2434,"date":"2025-01-14T15:42:48","date_gmt":"2025-01-14T15:42:48","guid":{"rendered":"https:\/\/habergalatasaray.tr\/?p=2434"},"modified":"2025-01-14T15:42:48","modified_gmt":"2025-01-14T15:42:48","slug":"rasim-ozan-kutahyali-galatasaray-fenerbahce-derbisini-muhtemelen-hicbirisi-izlemez-ortada-bir-oyun-var","status":"publish","type":"post","link":"https:\/\/habergalatasaray.tr\/index.php\/2025\/01\/14\/rasim-ozan-kutahyali-galatasaray-fenerbahce-derbisini-muhtemelen-hicbirisi-izlemez-ortada-bir-oyun-var\/","title":{"rendered":"Rasim Ozan K\u00fctahyal\u0131: &#8220;Galatasaray &#8211; Fenerbah\u00e7e derbisini muhtemelen hi\u00e7birisi izlemez, ortada bir oyun var&#8221;"},"content":{"rendered":"<p>Galatasaray, S\u00fcper Lig&#8217;de Fenerbah\u00e7e ile 8 puanl\u0131k fark\u0131n\u0131 s\u00fcrd\u00fcr\u00fcyor.<\/p>\n<p>Ancak rekabetin daha da artmas\u0131 i\u00e7in Fenerbah\u00e7e, adeta hakemler taraf\u0131ndan kollan\u0131yor.<\/p>\n<p><strong>G\u00d6Z NAZARAN G\u00d6RE OPERASYON YAPIYORLAR<\/strong><\/p>\n<p>Konyaspor &#8211; Fenerbah\u00e7e ve Ba\u015fak\u015fehir &#8211; Galatasaray ma\u00e7\u0131ndaki operasyonlar bunu bir kere daha g\u00f6zler \u00f6n\u00fcne serdi.<\/p>\n<p>Sar\u0131 k\u0131rm\u0131z\u0131l\u0131lar\u0131n saha i\u00e7indeki ba\u015far\u0131s\u0131 ise Fenerbah\u00e7e&#8217;nin alg\u0131 operasyonlar\u0131 yapmas\u0131na neden oluyor.<\/p>\n<p>Futbol yorumcusu Rasim Ozan K\u00fctahyal\u0131, Galatasaray ve Fenerbah\u00e7e ile ilgili yorumlarda bulundu.<\/p>\n<p><strong>K\u00fctahyal\u0131&#8217;n\u0131n a\u00e7\u0131klamalar\u0131 \u015fu formda:<\/strong><\/p>\n<p><strong>&#8220;FENERBAH\u00c7EL\u0130LER\u0130N H\u0130\u00c7B\u0130R\u0130 \u0130ZLEMEZ&#8221;<\/strong><\/p>\n<p>&#8220;Zaten ortada bir oyun var. Galatasaray ile Fenerbah\u00e7e&#8217;nin yar\u0131\u015f\u0131n\u0131 ba\u015f ba\u015fa getirmeye \u00e7al\u0131\u015f\u0131yorlar. Puan fark\u0131 11-12 olsa \u015eubat ay\u0131ndaki Galatasaray &#8211; Fenerbah\u00e7e derbisini muhtemelen Fenerbah\u00e7elilerin hi\u00e7birisi izlemez. Zira Fenerbah\u00e7e yar\u0131\u015ftan kopmu\u015f olacak fakat puan fark\u0131 5-6&#8217;ya indi\u011finde derbinin k\u0131ymeti b\u00fcy\u00fcyecek. Bu hem TFF hem de beIN Sports&#8217;un i\u015fine fayda.&#8221; s\u00f6zlerini kulland\u0131.<\/p>\n<p><strong>Kaynak: habersarikirmizi.com<\/strong><\/p>\n","protected":false},"excerpt":{"rendered":"<p>Galatasaray, d\u00f6nemi \u015fampiyon olarak tamamlayarak 25. zaferine ula\u015fmak istiyor.<\/p>\n","protected":false},"author":1,"featured_media":2435,"comment_status":"open","ping_status":"open","sticky":false,"template":"","format":"standard","meta":{"footnotes":""},"categories":[1],"tags":[47,24],"class_list":["post-2434","post","type-post","status-publish","format-standard","has-post-thumbnail","hentry","category-galatasaray-haber","tag-fenerbahce","tag-galatasaray"],"_links":{"self":[{"href":"https:\/\/habergalatasaray.tr\/index.php\/wp-json\/wp\/v2\/posts\/2434","targetHints":{"allow":["GET"]}}],"collection":[{"href":"https:\/\/habergalatasaray.tr\/index.php\/wp-json\/wp\/v2\/posts"}],"about":[{"href":"https:\/\/habergalatasaray.tr\/index.php\/wp-json\/wp\/v2\/types\/post"}],"author":[{"embeddable":true,"href":"https:\/\/habergalatasaray.tr\/index.php\/wp-json\/wp\/v2\/users\/1"}],"replies":[{"embeddable":true,"href":"https:\/\/habergalatasaray.tr\/index.php\/wp-json\/wp\/v2\/comments?post=2434"}],"version-history":[{"count":1,"href":"https:\/\/habergalatasaray.tr\/index.php\/wp-json\/wp\/v2\/posts\/2434\/revisions"}],"predecessor-version":[{"id":2436,"href":"https:\/\/habergalatasaray.tr\/index.php\/wp-json\/wp\/v2\/posts\/2434\/revisions\/2436"}],"wp:featuredmedia":[{"embeddable":true,"href":"https:\/\/habergalatasaray.tr\/index.php\/wp-json\/wp\/v2\/media\/2435"}],"wp:attachment":[{"href":"https:\/\/habergalatasaray.tr\/index.php\/wp-json\/wp\/v2\/media?parent=2434"}],"wp:term":[{"taxonomy":"category","embeddable":true,"href":"https:\/\/habergalatasaray.tr\/index.php\/wp-json\/wp\/v2\/categories?post=2434"},{"taxonomy":"post_tag","embeddable":true,"href":"https:\/\/habergalatasaray.tr\/index.php\/wp-json\/wp\/v2\/tags?post=2434"}],"curies":[{"name":"wp","href":"https:\/\/api.w.org\/{rel}","templated":true}]}}