{"id":2437,"date":"2025-01-14T15:54:44","date_gmt":"2025-01-14T15:54:44","guid":{"rendered":"https:\/\/habergalatasaray.tr\/?p=2437"},"modified":"2025-01-14T15:54:44","modified_gmt":"2025-01-14T15:54:44","slug":"ahmet-cakardan-sampiyonluk-tahmini-aynisini-galatasaray-yasayabilir-korkunc-sekilde","status":"publish","type":"post","link":"https:\/\/habergalatasaray.tr\/index.php\/2025\/01\/14\/ahmet-cakardan-sampiyonluk-tahmini-aynisini-galatasaray-yasayabilir-korkunc-sekilde\/","title":{"rendered":"Ahmet \u00c7akar&#8217;dan \u015fampiyonluk tahmini! &#8220;Ayn\u0131s\u0131n\u0131 Galatasaray ya\u015fayabilir, korkun\u00e7 \u015fekilde&#8230;&#8221;"},"content":{"rendered":"<p>Beyaz TV yorumcusu Ahmet \u00c7akar, Galatasaray ve Fenerbah\u00e7e ile ilgili yorumlarda bulundu.<\/p>\n<p><strong>\u00c7akar&#8217;\u0131n a\u00e7\u0131klamalar\u0131 \u015fu halde:<\/strong><\/p>\n<p><strong>&#8220;KORKUN\u00c7 FORMDA FENERBAH\u00c7E LEH\u0130NE<\/strong><\/p>\n<p>&#8220;Ligin ikinci yar\u0131s\u0131nda fikst\u00fcr avantaj\u0131 vahim bi\u00e7imde Fenerbah\u00e7e&#8217;nin lehine. Galatasaray&#8217;\u0131n fikst\u00fcr\u00fc uzak orta \u00e7ok daha g\u00fc\u00e7.&#8221;<\/p>\n<p><strong>&#8220;AYNISINI GALATASARAY YA\u015eAYAB\u0130L\u0130R&#8221;<\/strong><\/p>\n<p>&#8220;Galatasaray ge\u00e7en d\u00f6nem ligin birinci yar\u0131s\u0131nda berbat oynayarak da ma\u00e7lar kazand\u0131 lakin o periyot birinci yar\u0131daki fikst\u00fcr\u00fc zordu. Bu d\u00f6nem kolayd\u0131 zira bir\u00e7ok ma\u00e7\u0131n\u0131 i\u00e7eride oynad\u0131. O y\u00fczden ikinci yar\u0131da rahat ettiler. Fenerbah\u00e7e ise \u0130smail Kartal periyodunda ligin ikinci yar\u0131s\u0131nda pe\u015f pe\u015fe puan kay\u0131plar\u0131 ya\u015fad\u0131. Birebirini Galatasaray da ya\u015fayabilir.&#8221; <\/p>\n<p><strong>&#8220;GALATASARAY, KEND\u0130N\u0130 RAHATTA G\u00d6RMES\u0130N&#8221;<\/strong><\/p>\n<p>&#8220;Papaz her g\u00fcn pilav yemez. Galatasaray berbat oynad\u0131\u011f\u0131 ma\u00e7lardan 2-3 beraberlik alabilirdi. Buna herhalde kimse itiraz etmez. O y\u00fczden Galatasaray kendini rahatta g\u00f6rmesin, Okan Buruk da zati ayaklar\u0131 yere sa\u011flam basarak konu\u015fuyor. Hi\u00e7bir vakit avantajlar\u0131ndan bahsetmiyor.&#8221; tabirlerini kulland\u0131.<\/p>\n<p><strong>Kaynak: habersarikirmizi.com<\/strong><\/p>\n","protected":false},"excerpt":{"rendered":"<p>Galatasaray, Fenerbah\u00e7e&#8217;nin 8 puan \u00f6n\u00fcnde olmas\u0131na kar\u015f\u0131n konsantre bir formda yoluna devam ediyor.<\/p>\n","protected":false},"author":1,"featured_media":2438,"comment_status":"open","ping_status":"open","sticky":false,"template":"","format":"standard","meta":{"footnotes":""},"categories":[1],"tags":[24],"class_list":["post-2437","post","type-post","status-publish","format-standard","has-post-thumbnail","hentry","category-galatasaray-haber","tag-galatasaray"],"_links":{"self":[{"href":"https:\/\/habergalatasaray.tr\/index.php\/wp-json\/wp\/v2\/posts\/2437","targetHints":{"allow":["GET"]}}],"collection":[{"href":"https:\/\/habergalatasaray.tr\/index.php\/wp-json\/wp\/v2\/posts"}],"about":[{"href":"https:\/\/habergalatasaray.tr\/index.php\/wp-json\/wp\/v2\/types\/post"}],"author":[{"embeddable":true,"href":"https:\/\/habergalatasaray.tr\/index.php\/wp-json\/wp\/v2\/users\/1"}],"replies":[{"embeddable":true,"href":"https:\/\/habergalatasaray.tr\/index.php\/wp-json\/wp\/v2\/comments?post=2437"}],"version-history":[{"count":1,"href":"https:\/\/habergalatasaray.tr\/index.php\/wp-json\/wp\/v2\/posts\/2437\/revisions"}],"predecessor-version":[{"id":2439,"href":"https:\/\/habergalatasaray.tr\/index.php\/wp-json\/wp\/v2\/posts\/2437\/revisions\/2439"}],"wp:featuredmedia":[{"embeddable":true,"href":"https:\/\/habergalatasaray.tr\/index.php\/wp-json\/wp\/v2\/media\/2438"}],"wp:attachment":[{"href":"https:\/\/habergalatasaray.tr\/index.php\/wp-json\/wp\/v2\/media?parent=2437"}],"wp:term":[{"taxonomy":"category","embeddable":true,"href":"https:\/\/habergalatasaray.tr\/index.php\/wp-json\/wp\/v2\/categories?post=2437"},{"taxonomy":"post_tag","embeddable":true,"href":"https:\/\/habergalatasaray.tr\/index.php\/wp-json\/wp\/v2\/tags?post=2437"}],"curies":[{"name":"wp","href":"https:\/\/api.w.org\/{rel}","templated":true}]}}