{"id":2440,"date":"2025-01-14T16:18:47","date_gmt":"2025-01-14T16:18:47","guid":{"rendered":"https:\/\/habergalatasaray.tr\/?p=2440"},"modified":"2025-01-14T16:18:47","modified_gmt":"2025-01-14T16:18:47","slug":"bulent-timurlenk-aldigim-istihbarati-soyluyorum-yuzde-49-galatasaraya-transfer-olacak","status":"publish","type":"post","link":"https:\/\/habergalatasaray.tr\/index.php\/2025\/01\/14\/bulent-timurlenk-aldigim-istihbarati-soyluyorum-yuzde-49-galatasaraya-transfer-olacak\/","title":{"rendered":"B\u00fclent Timurlenk: &#8220;Ald\u0131\u011f\u0131m istihbarat\u0131 s\u00f6yl\u00fcyorum, y\u00fczde 49 Galatasaray&#8217;a transfer olacak&#8221;"},"content":{"rendered":"<p>Sports Digitale Youtube kanal\u0131nda B\u00fclent Timurlenk, Galatasaray&#8217;\u0131n g\u00fcndemini k\u0131ymetlendirdi.<\/p>\n<p><strong>Timurlenk&#8217;in a\u00e7\u0131klamalar\u0131 \u015fu formda:<\/strong><\/p>\n<p><strong>&#8220;EREN ELMALI, Y\u00dcZDE 49 GALATASARAY&#8217;A TRANSFER OLACAK&#8221;<\/strong><\/p>\n<p>&#8220;Ald\u0131\u011f\u0131m istihbarat\u0131 s\u00f6yl\u00fcyorum; Eren Elmal\u0131, Galatasaray&#8217;a gelmek istiyordu fakat \u015eenol G\u00fcne\u015f&#8217;in tavr\u0131ndan sonra Trabzonspor geri ad\u0131m att\u0131. %51 Trabzon&#8217;da kalacak, %49 Galatasaray&#8217;a transfer olacak. Eren Elmal\u0131, bence Galatasaray&#8217;\u0131n isteklerini kar\u015f\u0131layacak bir isim de\u011fil fakat rotasyonda olabilir.&#8221; <\/p>\n<p><strong>&#8220;NELSSON, D\u00d6NEM SONU G\u0130DER&#8221;<\/strong><\/p>\n<p>&#8220;Victor Nelsson gitmek istiyor. Ya\u015f\u0131 gere\u011fi yedek oturmak istemiyor fakat d\u00f6nem sonu gidecektir zira beklenen para gelmedi.&#8221;<\/p>\n<p><strong>&#8220;MIKAUTADZE, \u00c7OK SIKINTI TRANSFER&#8221;<\/strong><\/p>\n<p>&#8220;Mikautadze ise bence aranan isim ancak \u00e7ok g\u00fc\u00e7 transfer.&#8221;<\/p>\n<p><strong>&#8220;SARA, AJAX MA\u00c7INDA HAZIR OLUR&#8221;<\/strong><\/p>\n<p>&#8220;Gabriler Sara, bence UEFA Avrupa Ligi&#8217;nin son haftas\u0131ndaki Ajax ma\u00e7\u0131nda haz\u0131r duruma gelecek. Sara&#8217;n\u0131n yoklu\u011funda Okan Buruk, Kerem Demirbay&#8217;a \u00e7ok g\u00fcvendi fakat itimad\u0131n\u0131 bo\u015fa \u00e7\u0131kard\u0131. Davinson Sanchez iki haftad\u0131r sallan\u0131yor. Ismail Jakobs hem \u00e7ok fazla hamleye \u00e7\u0131kamad\u0131 hem de Abd\u00fclkerim Bardakc\u0131 ile o kanad\u0131 kapatamad\u0131lar. Yunus Akg\u00fcn yorgundu. Mertens, 90 dakika genelinde g\u00fczel de\u011fildi. Osimhen ve Bar\u0131\u015f Alper Y\u0131lmaz, Galatasaray&#8217;\u0131 atakta tutmaya \u00e7al\u0131\u015ft\u0131lar.&#8221; s\u00f6zlerini kulland\u0131.<\/p>\n<p><strong>Kaynak habersarikirmizi.com<\/strong><\/p>\n","protected":false},"excerpt":{"rendered":"<p>Sports Digitale Youtube kanal\u0131nda B\u00fclent Timurlenk, Galatasaray&#8217;\u0131n g\u00fcndemini k\u0131ymetlendirdi. Timurlenk&#8217;in a\u00e7\u0131klamalar\u0131 \u015fu formda: &#8220;EREN ELMALI, Y\u00dcZDE 49 GALATASARAY&#8217;A TRANSFER OLACAK&#8221; &#8220;Ald\u0131\u011f\u0131m istihbarat\u0131 s\u00f6yl\u00fcyorum; Eren Elmal\u0131, Galatasaray&#8217;a gelmek istiyordu fakat \u015eenol G\u00fcne\u015f&#8217;in tavr\u0131ndan sonra Trabzonspor geri ad\u0131m att\u0131. %51 Trabzon&#8217;da kalacak, %49 Galatasaray&#8217;a transfer olacak. Eren Elmal\u0131, bence Galatasaray&#8217;\u0131n isteklerini kar\u015f\u0131layacak bir isim de\u011fil fakat rotasyonda &hellip;<\/p>\n","protected":false},"author":1,"featured_media":2441,"comment_status":"open","ping_status":"open","sticky":false,"template":"","format":"standard","meta":{"footnotes":""},"categories":[1],"tags":[],"class_list":["post-2440","post","type-post","status-publish","format-standard","has-post-thumbnail","hentry","category-galatasaray-haber"],"_links":{"self":[{"href":"https:\/\/habergalatasaray.tr\/index.php\/wp-json\/wp\/v2\/posts\/2440","targetHints":{"allow":["GET"]}}],"collection":[{"href":"https:\/\/habergalatasaray.tr\/index.php\/wp-json\/wp\/v2\/posts"}],"about":[{"href":"https:\/\/habergalatasaray.tr\/index.php\/wp-json\/wp\/v2\/types\/post"}],"author":[{"embeddable":true,"href":"https:\/\/habergalatasaray.tr\/index.php\/wp-json\/wp\/v2\/users\/1"}],"replies":[{"embeddable":true,"href":"https:\/\/habergalatasaray.tr\/index.php\/wp-json\/wp\/v2\/comments?post=2440"}],"version-history":[{"count":1,"href":"https:\/\/habergalatasaray.tr\/index.php\/wp-json\/wp\/v2\/posts\/2440\/revisions"}],"predecessor-version":[{"id":2442,"href":"https:\/\/habergalatasaray.tr\/index.php\/wp-json\/wp\/v2\/posts\/2440\/revisions\/2442"}],"wp:featuredmedia":[{"embeddable":true,"href":"https:\/\/habergalatasaray.tr\/index.php\/wp-json\/wp\/v2\/media\/2441"}],"wp:attachment":[{"href":"https:\/\/habergalatasaray.tr\/index.php\/wp-json\/wp\/v2\/media?parent=2440"}],"wp:term":[{"taxonomy":"category","embeddable":true,"href":"https:\/\/habergalatasaray.tr\/index.php\/wp-json\/wp\/v2\/categories?post=2440"},{"taxonomy":"post_tag","embeddable":true,"href":"https:\/\/habergalatasaray.tr\/index.php\/wp-json\/wp\/v2\/tags?post=2440"}],"curies":[{"name":"wp","href":"https:\/\/api.w.org\/{rel}","templated":true}]}}