{"id":2491,"date":"2025-01-15T13:18:47","date_gmt":"2025-01-15T13:18:47","guid":{"rendered":"https:\/\/habergalatasaray.tr\/?p=2491"},"modified":"2025-01-15T13:18:47","modified_gmt":"2025-01-15T13:18:47","slug":"ali-ece-galatasaraya-gelirse-aradigini-bulur-kendine-gelir-batshuayiden-daha-iyi-olabilir","status":"publish","type":"post","link":"https:\/\/habergalatasaray.tr\/index.php\/2025\/01\/15\/ali-ece-galatasaraya-gelirse-aradigini-bulur-kendine-gelir-batshuayiden-daha-iyi-olabilir\/","title":{"rendered":"Ali Ece: &#8220;Galatasaray&#8217;a gelirse arad\u0131\u011f\u0131n\u0131 bulur, kendine gelir, Batshuayi&#8217;den daha iyi olabilir&#8221;"},"content":{"rendered":"<p>Galatasaray, Marsilya formas\u0131 giyen 22 ya\u015f\u0131ndak Frans\u0131z golc\u00fc Elye Wahi&#8217;yi transfer g\u00fcndemine ald\u0131.<\/p>\n<p>Vole Youtube kanal\u0131nda Ali Ece, Elye Wahi ile ilgili yorumlarda bulundu.<\/p>\n<p><strong>Ece&#8217;nin a\u00e7\u0131klamalar\u0131 \u015fu halde:<\/strong><\/p>\n<p><strong>&#8220;MARS\u0130LYA&#8217;DA \u00d6NEML\u0130 TARAFTR BASKISI VAR&#8221;<\/strong><\/p>\n<p>&#8220;Elye Wahi, Marsilya&#8217;da \u00e7ok gol ka\u00e7\u0131r\u0131yor ancak orada \u00f6nemli taraftar bask\u0131s\u0131 var. Fransa Ligi&#8217;nde gol h\u00fck\u00fcmdar\u0131 olan \u00fclkemizde top oynam\u0131\u015f Mamadou Niang&#8217;\u0131 bile yerden yere vurdular. Wahi, kendini rahat hissetmiyor.&#8221;<\/p>\n<p><strong>&#8220;GALATASARAY&#8217;DA KEND\u0130NE GEL\u0130R&#8221;<\/strong><\/p>\n<p>&#8220;Elye Wahi, Galatasaray&#8217;a gelirse arad\u0131\u011f\u0131n\u0131 bulur, kendine gelir. Michy Batshuayi de Marsilya&#8217;da \u00e7ok ka\u00e7\u0131rd\u0131, yapamad\u0131 fakat ligimizde tuttu. Elye Wahi, forvet, santrfor ve Mertens&#8217;in yerine de oynar.&#8221; <\/p>\n<p><strong>&#8220;BATSHUAYI&#8217;DEN DAHA \u00c2L\u00c2 OLAB\u0130L\u0130R&#8221;<\/strong><\/p>\n<p>&#8220;Wahi&#8217;ye y\u00fcksek bonservis verebilirsin. 22 milyon Euro&#8217;luk market pahas\u0131 var lakin d\u00fc\u015f\u00fck maa\u015f \u00f6deyebilirsin. Batshuayi&#8217;ye nazaran pas kalitesi de y\u00fcksek. Ondan daha d\u00fczg\u00fcn olabilir.&#8221; tabirlerini kulland\u0131.<\/p>\n<p><strong>Kaynak: habersarikirmizi.com<\/strong><\/p>\n","protected":false},"excerpt":{"rendered":"<p>Galatasaray&#8217;\u0131n transfer g\u00fcndemine giren yeni golc\u00fc oyuncu belirli oldu.<\/p>\n","protected":false},"author":1,"featured_media":2492,"comment_status":"open","ping_status":"open","sticky":false,"template":"","format":"standard","meta":{"footnotes":""},"categories":[1],"tags":[177],"class_list":["post-2491","post","type-post","status-publish","format-standard","has-post-thumbnail","hentry","category-galatasaray-haber","tag-elye-wahi"],"_links":{"self":[{"href":"https:\/\/habergalatasaray.tr\/index.php\/wp-json\/wp\/v2\/posts\/2491","targetHints":{"allow":["GET"]}}],"collection":[{"href":"https:\/\/habergalatasaray.tr\/index.php\/wp-json\/wp\/v2\/posts"}],"about":[{"href":"https:\/\/habergalatasaray.tr\/index.php\/wp-json\/wp\/v2\/types\/post"}],"author":[{"embeddable":true,"href":"https:\/\/habergalatasaray.tr\/index.php\/wp-json\/wp\/v2\/users\/1"}],"replies":[{"embeddable":true,"href":"https:\/\/habergalatasaray.tr\/index.php\/wp-json\/wp\/v2\/comments?post=2491"}],"version-history":[{"count":1,"href":"https:\/\/habergalatasaray.tr\/index.php\/wp-json\/wp\/v2\/posts\/2491\/revisions"}],"predecessor-version":[{"id":2493,"href":"https:\/\/habergalatasaray.tr\/index.php\/wp-json\/wp\/v2\/posts\/2491\/revisions\/2493"}],"wp:featuredmedia":[{"embeddable":true,"href":"https:\/\/habergalatasaray.tr\/index.php\/wp-json\/wp\/v2\/media\/2492"}],"wp:attachment":[{"href":"https:\/\/habergalatasaray.tr\/index.php\/wp-json\/wp\/v2\/media?parent=2491"}],"wp:term":[{"taxonomy":"category","embeddable":true,"href":"https:\/\/habergalatasaray.tr\/index.php\/wp-json\/wp\/v2\/categories?post=2491"},{"taxonomy":"post_tag","embeddable":true,"href":"https:\/\/habergalatasaray.tr\/index.php\/wp-json\/wp\/v2\/tags?post=2491"}],"curies":[{"name":"wp","href":"https:\/\/api.w.org\/{rel}","templated":true}]}}