{"id":2615,"date":"2025-01-22T18:35:49","date_gmt":"2025-01-22T18:35:49","guid":{"rendered":"https:\/\/habergalatasaray.tr\/?p=2615"},"modified":"2025-01-22T18:35:49","modified_gmt":"2025-01-22T18:35:49","slug":"galatasaray-yeni-imza-attirmisti-hikmet-karaman-transfer-etti","status":"publish","type":"post","link":"https:\/\/habergalatasaray.tr\/index.php\/2025\/01\/22\/galatasaray-yeni-imza-attirmisti-hikmet-karaman-transfer-etti\/","title":{"rendered":"Galatasaray yeni imza att\u0131rm\u0131\u015ft\u0131, Hikmet Karaman transfer etti!"},"content":{"rendered":"<p>Hikmet Karaman\u2019\u0131n \u00e7al\u0131\u015ft\u0131rd\u0131\u011f\u0131 Zimbru FC, Galatasaray\u2019dan savunmaya destek yapt\u0131.<\/p>\n<p><strong>AL\u0130 YE\u015e\u0130LYURT&#8217;U K\u0130RALIK OLARAK TRANSFER ETT\u0130LER<\/strong><\/p>\n<p>Ajansspor&#8217;dan Salim Manav&#8217;\u0131n haberine nazaran; Zimbru FC, Galatasaray\u2019dan stoper Ali Ye\u015filyurt&#8217;u kiral\u0131k olarak tak\u0131m\u0131na katt\u0131.<\/p>\n<p><strong>U19&#8217;DA 4 MA\u00c7A \u00c7IKTI<\/strong><\/p>\n<p>Galatasaray altyap\u0131s\u0131nda yeti\u015fen 19 ya\u015f\u0131ndaki stoper, bu d\u00f6nem U19 Ligi&#8217;nde 4 ma\u00e7ta forma giydi.<\/p>\n<p><img decoding=\"async\" class=\"detayFoto\" src=\"https:\/\/www.habersarikirmizi.com\/images\/upload\/Ali-Ye%C5%9Filyurt_3.jpg\"><\/p>\n<p><strong>S\u00d6ZLE\u015eMES\u0130 UZATILMI\u015eTI<\/strong><\/p>\n<p>Sar\u0131 k\u0131rm\u0131z\u0131l\u0131 kul\u00fcp ge\u00e7ti\u011fimiz g\u00fcnlerde Ali Ye\u015filyurt&#8217;un mukavelesinin 2027-2028 d\u00f6nemi sonuna kadar uzat\u0131ld\u0131\u011f\u0131n\u0131 a\u00e7\u0131klam\u0131\u015ft\u0131.<\/p>\n","protected":false},"excerpt":{"rendered":"<p>Galatasaray, gen\u00e7 oyuncular\u0131n\u0131 forma giyip geli\u015fmesi i\u00e7in kiralamaya devam ediyor.<\/p>\n","protected":false},"author":1,"featured_media":0,"comment_status":"open","ping_status":"open","sticky":false,"template":"","format":"standard","meta":{"footnotes":""},"categories":[1],"tags":[],"class_list":["post-2615","post","type-post","status-publish","format-standard","hentry","category-galatasaray-haber"],"_links":{"self":[{"href":"https:\/\/habergalatasaray.tr\/index.php\/wp-json\/wp\/v2\/posts\/2615","targetHints":{"allow":["GET"]}}],"collection":[{"href":"https:\/\/habergalatasaray.tr\/index.php\/wp-json\/wp\/v2\/posts"}],"about":[{"href":"https:\/\/habergalatasaray.tr\/index.php\/wp-json\/wp\/v2\/types\/post"}],"author":[{"embeddable":true,"href":"https:\/\/habergalatasaray.tr\/index.php\/wp-json\/wp\/v2\/users\/1"}],"replies":[{"embeddable":true,"href":"https:\/\/habergalatasaray.tr\/index.php\/wp-json\/wp\/v2\/comments?post=2615"}],"version-history":[{"count":1,"href":"https:\/\/habergalatasaray.tr\/index.php\/wp-json\/wp\/v2\/posts\/2615\/revisions"}],"predecessor-version":[{"id":2616,"href":"https:\/\/habergalatasaray.tr\/index.php\/wp-json\/wp\/v2\/posts\/2615\/revisions\/2616"}],"wp:attachment":[{"href":"https:\/\/habergalatasaray.tr\/index.php\/wp-json\/wp\/v2\/media?parent=2615"}],"wp:term":[{"taxonomy":"category","embeddable":true,"href":"https:\/\/habergalatasaray.tr\/index.php\/wp-json\/wp\/v2\/categories?post=2615"},{"taxonomy":"post_tag","embeddable":true,"href":"https:\/\/habergalatasaray.tr\/index.php\/wp-json\/wp\/v2\/tags?post=2615"}],"curies":[{"name":"wp","href":"https:\/\/api.w.org\/{rel}","templated":true}]}}