{"id":2641,"date":"2025-01-22T22:47:50","date_gmt":"2025-01-22T22:47:50","guid":{"rendered":"https:\/\/habergalatasaray.tr\/?p=2641"},"modified":"2025-01-22T22:47:50","modified_gmt":"2025-01-22T22:47:50","slug":"ali-ece-boyle-bir-firsat-varsa-galatasaray-transfer-etsin-diger-adam-sakatlandigi-zaman-3-5-ay-ortaliktan-kayboluyor","status":"publish","type":"post","link":"https:\/\/habergalatasaray.tr\/index.php\/2025\/01\/22\/ali-ece-boyle-bir-firsat-varsa-galatasaray-transfer-etsin-diger-adam-sakatlandigi-zaman-3-5-ay-ortaliktan-kayboluyor\/","title":{"rendered":"Ali Ece: &#8220;B\u00f6yle bir f\u0131rsat varsa Galatasaray transfer etsin, di\u011fer adam sakatland\u0131\u011f\u0131 zaman 3-5 ay ortal\u0131ktan kayboluyor&#8221;"},"content":{"rendered":"<p>Vole Youtube kanal\u0131nda Ali Ece, Galatasaray&#8217;\u0131n transfer g\u00fcndemini k\u0131ymetlendirdi.<\/p>\n<p><strong>Ece&#8217;nin a\u00e7\u0131klamalar\u0131 \u015fu bi\u00e7imde:<\/strong><\/p>\n<p><strong>&#8220;DIEGO CARLOS SAKATLANDI&#286;I VAK\u0130T 3-5 AY KAYBOLUYOR&#8221;<\/strong><\/p>\n<p>&#8220;Aston Villa&#8217;n\u0131n stoperi Diego Carlos&#8217;un devaml\u0131l\u0131\u011f\u0131 yok, sakatland\u0131\u011f\u0131 vakit 3-5 ay ortal\u0131ktan kayboluyor. Ismail Jakobs nas\u0131l birka\u00e7 ay gidiyorsa, Diego Carlos da o denli.&#8221;<\/p>\n<p><strong>&#8220;ONUN YER\u0130NE KYLE WALKER&#8217;\u0130 ALSINLAR&#8221;<\/strong><\/p>\n<p>&#8220;Galatasaray, Diego Carlos&#8217;u alaca\u011f\u0131na Kyle Walker&#8217;\u0131 als\u0131n. Hem stoper hem de sa\u011f bek gereksinimini kar\u015f\u0131la. 3&#8217;l\u00fc stoperin sa\u011f\u0131nda da oynatabilirsin. \u0130ngiltere Ulusal Ekibi&#8217;nde da ho\u015f i\u015fler yapt\u0131.&#8221;<\/p>\n<p><strong>&#8220;B\u00d6YLE B\u0130R FIRSA VARSA DE&#286;ERLEND\u0130RS\u0130NLER&#8221;<\/strong><\/p>\n<p>&#8220;T\u00fcrkiye&#8217;ye yap\u0131lan transferler i\u00e7in \u00e7ok ya\u015fl\u0131 oyuncular\u0131 \u00f6nermem fakat kimileri \u00f6zel oyunculard\u0131r. Mesela Didier Drogba&#8230; Kyle Walker da o denli. Art\u0131k Manchester City&#8217;de Guardiola, berbat sonu\u00e7lardan ve e\u015finden ayr\u0131lacak olmas\u0131 sebebiyle \u00e7atacak yer ar\u0131yor, muhtemelen Walker da ondan nasibini alacak. \u00dcstelik Kyle Walker&#8217;i defans\u0131n her yerinde kullan\u0131rs\u0131n. Bu t\u00fcrl\u00fc bir f\u0131rsat varsa Galatasaray de\u011ferlendirsin.&#8221;<\/p>\n<p><strong>&#8220;6 AY EVVEL &#8217;10 NUMARA TRANSFER OLUR&#8217; DERD\u0130M&#8221;<\/strong><\/p>\n<p>&#8220;6 ay evvel &#8216;Lemina Galatasaray&#8217;a gelsin mi?&#8217; diye sorsalard\u0131, &#8216;Hemen als\u0131nlar, 10 numara transfer olur&#8217; derdim. Lakin art\u0131k ne durumda oldu\u011funu kestirmek g\u00fc\u00e7. D\u00f6nem ba\u015f\u0131ndan beri \u00e7ok fazla \u00f6n planda g\u00f6rmedik. Lemina, Galatasaray&#8217;daki performans\u0131na nazaran daha da olgunla\u015ft\u0131. Topu daha g\u00fczel kullan\u0131yor, m\u00fcdahaleleri daha ba\u015far\u0131l\u0131. Gabriel Sara ve Torreira&#8217;n\u0131n \u00f6zelliklerinden biraz biraz var. Oyun da kurabilir, savunma da yapabilir. Muhakkak birinci geldi\u011fi d\u00f6neme nazaran daha \u00e7ok ba\u015far\u0131l\u0131 olacakt\u0131r.&#8221; tabirlerini kulland\u0131.<\/p>\n<p><strong>Kaynak: habersarikirmizi.com<\/strong><\/p>\n","protected":false},"excerpt":{"rendered":"<p>Galatasaray&#8217;\u0131n orta transfer periyodu i\u00e7in listesinde bulunan oyuncularla g\u00f6r\u00fc\u015fmeleri s\u00fcr\u00fcyor.<\/p>\n","protected":false},"author":1,"featured_media":0,"comment_status":"open","ping_status":"open","sticky":false,"template":"","format":"standard","meta":{"footnotes":""},"categories":[1],"tags":[37,24,186],"class_list":["post-2641","post","type-post","status-publish","format-standard","hentry","category-galatasaray-haber","tag-bir","tag-galatasaray","tag-walker"],"_links":{"self":[{"href":"https:\/\/habergalatasaray.tr\/index.php\/wp-json\/wp\/v2\/posts\/2641","targetHints":{"allow":["GET"]}}],"collection":[{"href":"https:\/\/habergalatasaray.tr\/index.php\/wp-json\/wp\/v2\/posts"}],"about":[{"href":"https:\/\/habergalatasaray.tr\/index.php\/wp-json\/wp\/v2\/types\/post"}],"author":[{"embeddable":true,"href":"https:\/\/habergalatasaray.tr\/index.php\/wp-json\/wp\/v2\/users\/1"}],"replies":[{"embeddable":true,"href":"https:\/\/habergalatasaray.tr\/index.php\/wp-json\/wp\/v2\/comments?post=2641"}],"version-history":[{"count":1,"href":"https:\/\/habergalatasaray.tr\/index.php\/wp-json\/wp\/v2\/posts\/2641\/revisions"}],"predecessor-version":[{"id":2642,"href":"https:\/\/habergalatasaray.tr\/index.php\/wp-json\/wp\/v2\/posts\/2641\/revisions\/2642"}],"wp:attachment":[{"href":"https:\/\/habergalatasaray.tr\/index.php\/wp-json\/wp\/v2\/media?parent=2641"}],"wp:term":[{"taxonomy":"category","embeddable":true,"href":"https:\/\/habergalatasaray.tr\/index.php\/wp-json\/wp\/v2\/categories?post=2641"},{"taxonomy":"post_tag","embeddable":true,"href":"https:\/\/habergalatasaray.tr\/index.php\/wp-json\/wp\/v2\/tags?post=2641"}],"curies":[{"name":"wp","href":"https:\/\/api.w.org\/{rel}","templated":true}]}}