{"id":2653,"date":"2025-01-23T00:11:50","date_gmt":"2025-01-23T00:11:50","guid":{"rendered":"https:\/\/habergalatasaray.tr\/?p=2653"},"modified":"2025-01-23T00:11:50","modified_gmt":"2025-01-23T00:11:50","slug":"mehmet-ozcan-galatasaray-72-saatte-transferi-bitirecek-osimhen-ve-zaniolo-gibi-gelecek","status":"publish","type":"post","link":"https:\/\/habergalatasaray.tr\/index.php\/2025\/01\/23\/mehmet-ozcan-galatasaray-72-saatte-transferi-bitirecek-osimhen-ve-zaniolo-gibi-gelecek\/","title":{"rendered":"Mehmet \u00d6zcan: &#8220;Galatasaray 72 saatte transferi bitirecek, Osimhen ve Zaniolo gibi gelecek&#8221;"},"content":{"rendered":"<p>Ara transferde savunma ve hamleye destekler yapmaya haz\u0131rlanan Galatasaray, f\u0131rsat transferi i\u00e7in 4-5-6 \u015eubat tarihlerini bekleyecek.<\/p>\n<p>Avrupa&#8217;n\u0131n \u00fcst seviye liglerinde orta transfer periyodu 3 \u015eubat&#8217;ta sona eriyor. <\/p>\n<p>Avrupa Ligi i\u00e7in 3 de\u011fi\u015fiklik yapma hakk\u0131 olan sar\u0131 k\u0131rm\u0131z\u0131l\u0131 kul\u00fcb\u00fcn UEFA&#8217;ya tak\u0131m g\u00fcncellemesi yapaca\u011f\u0131 son g\u00fcn ise 6 \u015eubat.<\/p>\n<p><strong>KR\u0130T\u0130K 72 SAAT <\/strong><\/p>\n<p>Galatasaray, 4-5-6 \u015eubat tarihlerini kapsayan 72 saatlik bu s\u00fcre\u00e7te f\u0131rsat transferi kovalayacak. <\/p>\n<p><strong>OSIMHEN VE ZANIOLO \u00dcZERE OLACAK<\/strong><\/p>\n<p>Sezon ba\u015f\u0131nda Victor Osimhen ve iki sene evvel Nicolo Zaniolo bu halde sar\u0131 k\u0131rm\u0131z\u0131l\u0131 kul\u00fcbe imza atm\u0131\u015ft\u0131.<\/p>\n<p><strong>MAURO ICARDI \u0130\u00c7\u0130N KARAR VER\u0130LD\u0130<\/strong><\/p>\n<p>30 Ocak&#8217;ta Ajax&#8217;a konuk olacak Galatasaray, Avrupa Ligi k\u00fcmesini birinci 8&#8217;de bitirirse transferde ataklar\u0131n\u0131 Avrupa \u015fampiyonlu\u011fu i\u00e7in atacak. <\/p>\n<p>Sakatl\u0131\u011f\u0131 nedeniyle d\u00f6nemi kapatan Mauro Icardi&#8217;nin ismi UEFA listesinden \u00e7\u0131kart\u0131lacak. Roland Sallai ve iki yeni transferin ismi UEFA&#8217;ya bildirilecek.<\/p>\n<p><strong>Kaynak: Mehmet \u00d6zcan \/ Sabah<\/strong><\/p>\n","protected":false},"excerpt":{"rendered":"<p>Galatasaray&#8217;\u0131n orta transfer periyodu i\u00e7in planlad\u0131\u011f\u0131 72 saatlik dev transfer plan\u0131 ortaya \u00e7\u0131kt\u0131.<\/p>\n","protected":false},"author":1,"featured_media":0,"comment_status":"open","ping_status":"open","sticky":false,"template":"","format":"standard","meta":{"footnotes":""},"categories":[1],"tags":[33],"class_list":["post-2653","post","type-post","status-publish","format-standard","hentry","category-galatasaray-haber","tag-transfer"],"_links":{"self":[{"href":"https:\/\/habergalatasaray.tr\/index.php\/wp-json\/wp\/v2\/posts\/2653","targetHints":{"allow":["GET"]}}],"collection":[{"href":"https:\/\/habergalatasaray.tr\/index.php\/wp-json\/wp\/v2\/posts"}],"about":[{"href":"https:\/\/habergalatasaray.tr\/index.php\/wp-json\/wp\/v2\/types\/post"}],"author":[{"embeddable":true,"href":"https:\/\/habergalatasaray.tr\/index.php\/wp-json\/wp\/v2\/users\/1"}],"replies":[{"embeddable":true,"href":"https:\/\/habergalatasaray.tr\/index.php\/wp-json\/wp\/v2\/comments?post=2653"}],"version-history":[{"count":1,"href":"https:\/\/habergalatasaray.tr\/index.php\/wp-json\/wp\/v2\/posts\/2653\/revisions"}],"predecessor-version":[{"id":2654,"href":"https:\/\/habergalatasaray.tr\/index.php\/wp-json\/wp\/v2\/posts\/2653\/revisions\/2654"}],"wp:attachment":[{"href":"https:\/\/habergalatasaray.tr\/index.php\/wp-json\/wp\/v2\/media?parent=2653"}],"wp:term":[{"taxonomy":"category","embeddable":true,"href":"https:\/\/habergalatasaray.tr\/index.php\/wp-json\/wp\/v2\/categories?post=2653"},{"taxonomy":"post_tag","embeddable":true,"href":"https:\/\/habergalatasaray.tr\/index.php\/wp-json\/wp\/v2\/tags?post=2653"}],"curies":[{"name":"wp","href":"https:\/\/api.w.org\/{rel}","templated":true}]}}