{"id":2709,"date":"2025-01-23T08:59:49","date_gmt":"2025-01-23T08:59:49","guid":{"rendered":"https:\/\/habergalatasaray.tr\/?p=2709"},"modified":"2025-01-23T08:59:49","modified_gmt":"2025-01-23T08:59:49","slug":"ertem-sener-galatasarayda-adam-kimildamiyor-bile-galatasarayin-yedegi-3-5-milyon-euro-maas-almamali","status":"publish","type":"post","link":"https:\/\/habergalatasaray.tr\/index.php\/2025\/01\/23\/ertem-sener-galatasarayda-adam-kimildamiyor-bile-galatasarayin-yedegi-3-5-milyon-euro-maas-almamali\/","title":{"rendered":"Ertem \u015eener: &#8220;Galatasaray&#8217;da adam k\u0131m\u0131ldam\u0131yor bile, Galatasaray&#8217;\u0131n yede\u011fi 3.5 milyon Euro maa\u015f almamal\u0131&#8221;"},"content":{"rendered":"<p>Futbol yorumcusu Ertem \u015eener, Galatasaray ile ilgili yorumlarda bulundu.<\/p>\n<p><strong>\u015eener&#8217;in a\u00e7\u0131klamalar\u0131 \u015fu bi\u00e7imde:<\/strong><\/p>\n<p><strong>&#8220;GALATASARAYLI OYUNCULARIN ADETA AKLI G\u0130TM\u0130\u015eT\u0130&#8221;<\/strong><\/p>\n<p>&#8220;Galatasaray, birinci yar\u0131da grup olarak \u00e7ok berbatt\u0131. Galatasarayl\u0131 oyuncular\u0131n adeta akl\u0131 gitmi\u015fti, 3 pas\u0131 bir ortaya getiremediler. Bu durumda Okan Buruk ne yaps\u0131n, kendisi mi alana girsin? Zati hepsi \u015fimdiden kendilerini \u015fampiyon ilan etmi\u015fler.&#8221;<\/p>\n<p><strong>&#8220;S\u0130ZE YAZIKLAR OLSUN&#8221;<\/strong><\/p>\n<p>&#8220;Galatasarayl\u0131 kimi futbolculara yaz\u0131klar olsun. Michy Batshuayi, Yusuf Demir ve Kerem Demirbay hi\u00e7 varl\u0131k g\u00f6steremedi. Yusuf Demir formay\u0131 al oyna karde\u015fim, par\u00e7ala kendini, Barcelona&#8217;da oynad\u0131\u011f\u0131n\u0131 art\u0131k g\u00f6ster. Art\u0131k de Galatasaray&#8217;da oynuyorsun, k\u00fc\u00e7\u00fck ekipte de\u011fil. \u00dcstelik yabanc\u0131 stat\u00fcs\u00fcnden say\u0131l\u0131yorsun. Ni\u00e7in hala etkisizsin?&#8221;<\/p>\n<p><strong>&#8220;KEREM&#8217;E NE OLMU\u015e?<\/strong><\/p>\n<p>&#8220;Kerem Demirbay&#8217;a ne olmu\u015f? Ge\u00e7en d\u00f6nem ligin ikinci yar\u0131s\u0131nda g\u00fczel oynuyordu fakat bu d\u00f6nem full berbat oynuyor.&#8221;<\/p>\n<p><strong>&#8220;GALATASARAY&#8217;IN YEDEK FORVET\u0130 3.5 M\u0130LYON EURO MAA\u015e ALMAMALI&#8221;<\/strong><\/p>\n<p>&#8220;Batshuayi k\u0131m\u0131ldam\u0131yor bile, aya\u011f\u0131na top bekliyor. Galatasaray&#8217;\u0131n yedek forveti 3.5 milyon Euro maa\u015f almamal\u0131. Git Cenk Tosun&#8217;u koy, Umut Nayir&#8217;i koy, o da sana Batshuayi kadar katk\u0131 verirdi hem de maliyeti az olurdu.&#8221; tabirlerini kulland\u0131.<\/p>\n<p><strong>Kaynak: habersarikirmizi.com<\/strong><\/p>\n","protected":false},"excerpt":{"rendered":"<p>Galatasaray&#8217;da son haftalarda birtak\u0131m oyuncular\u0131n performans\u0131 b\u00fcy\u00fck tenkit al\u0131yor.<\/p>\n","protected":false},"author":1,"featured_media":0,"comment_status":"open","ping_status":"open","sticky":false,"template":"","format":"standard","meta":{"footnotes":""},"categories":[1],"tags":[24],"class_list":["post-2709","post","type-post","status-publish","format-standard","hentry","category-galatasaray-haber","tag-galatasaray"],"_links":{"self":[{"href":"https:\/\/habergalatasaray.tr\/index.php\/wp-json\/wp\/v2\/posts\/2709","targetHints":{"allow":["GET"]}}],"collection":[{"href":"https:\/\/habergalatasaray.tr\/index.php\/wp-json\/wp\/v2\/posts"}],"about":[{"href":"https:\/\/habergalatasaray.tr\/index.php\/wp-json\/wp\/v2\/types\/post"}],"author":[{"embeddable":true,"href":"https:\/\/habergalatasaray.tr\/index.php\/wp-json\/wp\/v2\/users\/1"}],"replies":[{"embeddable":true,"href":"https:\/\/habergalatasaray.tr\/index.php\/wp-json\/wp\/v2\/comments?post=2709"}],"version-history":[{"count":1,"href":"https:\/\/habergalatasaray.tr\/index.php\/wp-json\/wp\/v2\/posts\/2709\/revisions"}],"predecessor-version":[{"id":2710,"href":"https:\/\/habergalatasaray.tr\/index.php\/wp-json\/wp\/v2\/posts\/2709\/revisions\/2710"}],"wp:attachment":[{"href":"https:\/\/habergalatasaray.tr\/index.php\/wp-json\/wp\/v2\/media?parent=2709"}],"wp:term":[{"taxonomy":"category","embeddable":true,"href":"https:\/\/habergalatasaray.tr\/index.php\/wp-json\/wp\/v2\/categories?post=2709"},{"taxonomy":"post_tag","embeddable":true,"href":"https:\/\/habergalatasaray.tr\/index.php\/wp-json\/wp\/v2\/tags?post=2709"}],"curies":[{"name":"wp","href":"https:\/\/api.w.org\/{rel}","templated":true}]}}