{"id":2727,"date":"2025-01-23T12:23:50","date_gmt":"2025-01-23T12:23:50","guid":{"rendered":"https:\/\/habergalatasaray.tr\/?p=2727"},"modified":"2025-01-23T12:23:50","modified_gmt":"2025-01-23T12:23:50","slug":"burhan-can-terzi-galatasaray-4-milyon-euroya-kadar-cikti-yine-olmadi-bana-gelen-bilgi-ingiltereden-bir-kuluple-anlasmis","status":"publish","type":"post","link":"https:\/\/habergalatasaray.tr\/index.php\/2025\/01\/23\/burhan-can-terzi-galatasaray-4-milyon-euroya-kadar-cikti-yine-olmadi-bana-gelen-bilgi-ingiltereden-bir-kuluple-anlasmis\/","title":{"rendered":"Burhan Can Terzi: &#8220;Galatasaray 4 milyon Euro&#8217;ya kadar \u00e7\u0131kt\u0131, yine olmad\u0131, bana gelen bilgi \u0130ngiltere&#8217;den bir kul\u00fcple anla\u015fm\u0131\u015f&#8221;"},"content":{"rendered":"<p>Galatasaray muhabiri Burhan Can Terzi, Sportcell Youtube kanal\u0131nda Galatasaray&#8217;\u0131n transfer g\u00fcndemiyle ilgili bilgiler aktard\u0131.<\/p>\n<p><strong>Terzi&#8217;nin a\u00e7\u0131klamalar\u0131 \u015fu halde:<\/strong><\/p>\n<p><strong>&#8220;SKRINIAR \u0130\u00c7\u0130N 4 M\u0130LYON EURO&#8217;YA \u00c7IKILDI&#8221;<\/strong><\/p>\n<p>&#8220;Skriniar ile g\u00f6r\u00fc\u015fmeler, maa\u015f\u0131n\u0131n ne kadar\u0131n\u0131 kar\u015f\u0131lama noktas\u0131nda bir uyu\u015fmazl\u0131\u011fa girdi. PSG, 5 milyon Euro&#8217;nun kar\u015f\u0131lanmas\u0131n\u0131 istiyor. Galatasaray, 4 milyon Euro&#8217;ya kadar \u00e7\u0131kt\u0131, tekrar olmad\u0131. G\u00f6r\u00fc\u015fmeler devam ediyor.&#8221;<\/p>\n<p><strong>&#8220;LEMINA, GELMEY\u0130 \u00c7OK \u0130ST\u0130YOR&#8221;<\/strong><\/p>\n<p>&#8220;Galatasaray&#8217;da orta saha adaylar\u0131 var, orta saha bak\u0131lmaya ba\u015fland\u0131. Orta saha transferinde Lemina, Galatasaray&#8217;a gelmeyi \u00e7ok istiyor. Galatasaray&#8217;a gelmeye haz\u0131r. Yaz transfer periyodunda olmayan isimlerden biri de olabilir.&#8221;<\/p>\n<p><strong>&#8220;\u0130LKAY \u0130\u00c7\u0130N B\u0130R TE\u015eEBB\u00dcS OLMADI&#8221;<\/strong><\/p>\n<p>&#8220;\u0130lkay G\u00fcndo\u011fan ile ilgili bu periyotta bir te\u015febb\u00fcs olmad\u0131. Fakat hem \u0130lkay i\u00e7in hem Galatasaray i\u00e7in iki taraf da birbirinin opsiyonudur.&#8221;<\/p>\n<p><strong>&#8220;SANGARE \u0130\u00c7\u0130N \u0130NG\u0130LTERE&#8217;DEN B\u0130R KUL\u00dcPLE KELAM KES\u0130LM\u0130\u015e&#8221;<\/strong><\/p>\n<p>&#8220;Mamadou Sangare ismini \u015fimdi Galatasaray&#8217;a teyit ettiremedim. Rapid Wien, oyuncuyu 7-8 milyon Euro&#8217;ya satmak istiyor ve bana gelen bilgi; oyuncunun transferi i\u00e7in \u0130ngiltere&#8217;den bir kul\u00fcp ile kelam kesildi\u011fi istikametinde.&#8221; s\u00f6zlerini kulland\u0131.<\/p>\n<p><img decoding=\"async\" class=\"detayFoto\" src=\"https:\/\/www.habersarikirmizi.com\/images\/upload\/Mamadou-Sangare_1.jpg\"><\/p>\n","protected":false},"excerpt":{"rendered":"<p>Galatasaray&#8217;da transferde art\u0131k her an s\u0131cak geli\u015fmeleri ya\u015fanaca\u011f\u0131 bir periyoda girildi.<\/p>\n","protected":false},"author":1,"featured_media":0,"comment_status":"open","ping_status":"open","sticky":false,"template":"","format":"standard","meta":{"footnotes":""},"categories":[1],"tags":[37,24,36],"class_list":["post-2727","post","type-post","status-publish","format-standard","hentry","category-galatasaray-haber","tag-bir","tag-galatasaray","tag-icin"],"_links":{"self":[{"href":"https:\/\/habergalatasaray.tr\/index.php\/wp-json\/wp\/v2\/posts\/2727","targetHints":{"allow":["GET"]}}],"collection":[{"href":"https:\/\/habergalatasaray.tr\/index.php\/wp-json\/wp\/v2\/posts"}],"about":[{"href":"https:\/\/habergalatasaray.tr\/index.php\/wp-json\/wp\/v2\/types\/post"}],"author":[{"embeddable":true,"href":"https:\/\/habergalatasaray.tr\/index.php\/wp-json\/wp\/v2\/users\/1"}],"replies":[{"embeddable":true,"href":"https:\/\/habergalatasaray.tr\/index.php\/wp-json\/wp\/v2\/comments?post=2727"}],"version-history":[{"count":1,"href":"https:\/\/habergalatasaray.tr\/index.php\/wp-json\/wp\/v2\/posts\/2727\/revisions"}],"predecessor-version":[{"id":2728,"href":"https:\/\/habergalatasaray.tr\/index.php\/wp-json\/wp\/v2\/posts\/2727\/revisions\/2728"}],"wp:attachment":[{"href":"https:\/\/habergalatasaray.tr\/index.php\/wp-json\/wp\/v2\/media?parent=2727"}],"wp:term":[{"taxonomy":"category","embeddable":true,"href":"https:\/\/habergalatasaray.tr\/index.php\/wp-json\/wp\/v2\/categories?post=2727"},{"taxonomy":"post_tag","embeddable":true,"href":"https:\/\/habergalatasaray.tr\/index.php\/wp-json\/wp\/v2\/tags?post=2727"}],"curies":[{"name":"wp","href":"https:\/\/api.w.org\/{rel}","templated":true}]}}