{"id":2731,"date":"2025-01-23T12:47:49","date_gmt":"2025-01-23T12:47:49","guid":{"rendered":"https:\/\/habergalatasaray.tr\/?p=2731"},"modified":"2025-01-23T12:47:49","modified_gmt":"2025-01-23T12:47:49","slug":"sercan-hamzaoglu-fenerbahceli-bir-yonetici-acun-ilicaliya-parayi-ben-veriyorum-osimheni-alin-dedi","status":"publish","type":"post","link":"https:\/\/habergalatasaray.tr\/index.php\/2025\/01\/23\/sercan-hamzaoglu-fenerbahceli-bir-yonetici-acun-ilicaliya-parayi-ben-veriyorum-osimheni-alin-dedi\/","title":{"rendered":"Sercan Hamzao\u011flu: &#8220;Fenerbah\u00e7eli bir y\u00f6netici, Acun Il\u0131cal\u0131&#8217;ya &#8216;Paray\u0131 ben veriyorum, Osimhen&#8217;i al\u0131n&#8217; dedi&#8221;"},"content":{"rendered":"<p>Fenerbah\u00e7e&#8217;nin Galatasaray&#8217;\u0131n y\u0131ld\u0131z\u0131 Victor Osimhen i\u00e7in transfer te\u015febb\u00fcs\u00fcnde bulundu\u011fu ortaya \u00e7\u0131kt\u0131.<\/p>\n<p>Haber K\u00fcresel Spor M\u00fcd\u00fcr\u00fc Sercan Hamzao\u011flu, Futbol Arena Youtube kanal\u0131nda Fenerbah\u00e7e&#8217;nin Victor Osimhen at\u0131l\u0131m\u0131n\u0131 duyurdu..<\/p>\n<p><strong>Hamzao\u011flu&#8217;nun a\u00e7\u0131klamalar\u0131 \u015fu halde:<\/strong><\/p>\n<p><strong>&#8220;T\u00dcRK\u0130YE&#8217;Y\u0130 SALLAYACAK B\u0130R ATILIM YAPACAKTI&#8221;<\/strong><\/p>\n<p>&#8220;T\u00fcrkiye&#8217;de bunu birinci defa benden duyacaks\u0131n\u0131z. Fenerbah\u00e7eli bir y\u00f6netici, T\u00fcrkiye&#8217;yi sallayacak bir atak yapacakt\u0131. 15-20 g\u00fcn evvel Fenerbah\u00e7e&#8217;de bir y\u00f6netici &#8216;Osimhen&#8217;i alsam ka\u00e7 paraya verirler?&#8217; diye sordu.&#8221;<\/p>\n<p><strong>&#8220;FENERBAH\u00c7EL\u0130 Y\u00d6NET\u0130C\u0130, &#8216;PARAYI BEN VER\u0130YORUM, OSIMHEN&#8217;\u0130 ALIN&#8217; DED\u0130&#8221;<\/strong><\/p>\n<p>&#8220;Mario Branco ile Acun Il\u0131cal\u0131 50-60 milyon Euro civar\u0131&#8217; oldu\u011funu s\u00f6yledi. Bunun \u00fczerine Fenerbah\u00e7eli y\u00f6netici &#8216;Paray\u0131 ben veriyorum. Oluyorsa al\u0131n. Ben \u00fcstleniyorum.&#8217; dedi. <\/p>\n<p><strong>&#8220;FENERBAH\u00c7E Y\u00d6NET\u0130C\u0130LER\u0130 DE SORU\u015eTURDU&#8221; <\/strong><\/p>\n<p>&#8220;Y\u00f6neticinin ismini s\u00f6ylemeyeyim. Kim oldu\u011funu bulsunlar. Fenerbah\u00e7e y\u00f6neticileri de bunun \u00fczerine soru\u015fturdu. \u00d6nemli bir at\u0131l\u0131m yani. Devre ortas\u0131 i\u00e7in de. Lakin Osimhen&#8217;in kontrat\u0131nda &#8216;Sezon i\u00e7inde Galatasaray&#8217;dan \u00f6b\u00fcr bir gruba gidemez&#8217; hususu yer al\u0131yor.&#8221; s\u00f6zlerini kulland\u0131.<\/p>\n","protected":false},"excerpt":{"rendered":"<p>Galatasaray ve Fenerbah\u00e7e ortas\u0131ndaki transfer rekabetine bir yenisi daha eklendi<\/p>\n","protected":false},"author":1,"featured_media":0,"comment_status":"open","ping_status":"open","sticky":false,"template":"","format":"standard","meta":{"footnotes":""},"categories":[1],"tags":[37,47,203],"class_list":["post-2731","post","type-post","status-publish","format-standard","hentry","category-galatasaray-haber","tag-bir","tag-fenerbahce","tag-yonetici"],"_links":{"self":[{"href":"https:\/\/habergalatasaray.tr\/index.php\/wp-json\/wp\/v2\/posts\/2731","targetHints":{"allow":["GET"]}}],"collection":[{"href":"https:\/\/habergalatasaray.tr\/index.php\/wp-json\/wp\/v2\/posts"}],"about":[{"href":"https:\/\/habergalatasaray.tr\/index.php\/wp-json\/wp\/v2\/types\/post"}],"author":[{"embeddable":true,"href":"https:\/\/habergalatasaray.tr\/index.php\/wp-json\/wp\/v2\/users\/1"}],"replies":[{"embeddable":true,"href":"https:\/\/habergalatasaray.tr\/index.php\/wp-json\/wp\/v2\/comments?post=2731"}],"version-history":[{"count":1,"href":"https:\/\/habergalatasaray.tr\/index.php\/wp-json\/wp\/v2\/posts\/2731\/revisions"}],"predecessor-version":[{"id":2732,"href":"https:\/\/habergalatasaray.tr\/index.php\/wp-json\/wp\/v2\/posts\/2731\/revisions\/2732"}],"wp:attachment":[{"href":"https:\/\/habergalatasaray.tr\/index.php\/wp-json\/wp\/v2\/media?parent=2731"}],"wp:term":[{"taxonomy":"category","embeddable":true,"href":"https:\/\/habergalatasaray.tr\/index.php\/wp-json\/wp\/v2\/categories?post=2731"},{"taxonomy":"post_tag","embeddable":true,"href":"https:\/\/habergalatasaray.tr\/index.php\/wp-json\/wp\/v2\/tags?post=2731"}],"curies":[{"name":"wp","href":"https:\/\/api.w.org\/{rel}","templated":true}]}}