{"id":2735,"date":"2025-01-23T13:23:51","date_gmt":"2025-01-23T13:23:51","guid":{"rendered":"https:\/\/habergalatasaray.tr\/?p=2735"},"modified":"2025-01-23T13:23:51","modified_gmt":"2025-01-23T13:23:51","slug":"evren-turhan-galatasarayda-hicbir-futbolcunun-buna-hakki-yok-kusura-bakmayacaklar-gelmemisler","status":"publish","type":"post","link":"https:\/\/habergalatasaray.tr\/index.php\/2025\/01\/23\/evren-turhan-galatasarayda-hicbir-futbolcunun-buna-hakki-yok-kusura-bakmayacaklar-gelmemisler\/","title":{"rendered":"Evren Turhan: &#8220;Galatasaray&#8217;da hi\u00e7bir futbolcunun buna hakk\u0131 yok, kusura bakmayacaklar, gelmemi\u015fler&#8221;"},"content":{"rendered":"<p>TV8,5 yorumcusu Cihan Turhan, Hatayspor &#8211; Galatasaray ma\u00e7\u0131yla ilgili de\u011ferlendirmelerde bulundu.<\/p>\n<p><strong>Turhan&#8217;\u0131n a\u00e7\u0131klamalar\u0131 \u015fu formda:<\/strong><\/p>\n<p><strong>&#8220;MA\u00c7A GELMEM\u0130\u015eLER, BUNA HAKLARI YOK&#8221;<\/strong><\/p>\n<p>&#8220;Galatasarayl\u0131 oyuncular, birinci yar\u0131da ma\u00e7a gelmemi\u015f. Kimsenin buna hakk\u0131 yok, kusura bakmayacaklar. Fizik\u00ee olarak alanda bulundular lakin ba\u015flar Dinamo Kiev ma\u00e7\u0131ndayd\u0131. Gabriel Sara olmay\u0131nca ekipte bir dengesizlik olu\u015ftu. \u00dczerine bir de Yunus Akg\u00fcn sendeledi.&#8221; <\/p>\n<p><strong>&#8220;STOPER VE 8 NUMARA MUHTA\u00c7LI\u011eI VAR&#8221;<\/strong><\/p>\n<p>&#8220;Bu puan kay\u0131plar\u0131 olabilir, herkes c\u00fcrm\u00fc kendinde bulmu\u015f ve gerekli d\u00fczeltilmeler yap\u0131lacakt\u0131r. Fakat \u015funu g\u00f6rd\u00fcm; Galatasaray&#8217;\u0131n stoper ve bek d\u0131\u015f\u0131nda 8 numaraya muhta\u00e7l\u0131\u011f\u0131 var. 6 numara da alabilirsin. Torreira&#8217;y\u0131 Fiorentina&#8217;da oynad\u0131\u011f\u0131 \u00fczere 8 numara da deneyebilirsin.&#8221;<\/p>\n<p><strong>&#8220;OKAN BURUK&#8217;A \u0130K\u0130 YILDIR BEKS\u0130Z KADRO ED\u0130YORSUNUZ&#8221;<\/strong><\/p>\n<p>&#8220;Her ma\u00e7 kanatlar \u00e2l\u00e2 oynayamaz, biraz da beklerin \u00f6n\u00fcndeki futbolculara takviye vermesi gerekiyor. Ne Ismail Jakobs ne de Kaan Ayhan d\u00fczg\u00fcn de\u011fildi. Kaan Ayhan zati g\u00f6rd\u00fc\u011f\u00fc sar\u0131 kartla kendini kilitledi. Okan Buruk&#8217;a iki y\u0131ld\u0131r beksiz grup teslim ediyorsunuz. Ma\u00e7tan sonra da kendisine \u00f6zele\u015ftiri getirmi\u015f, oyuncular da o denli.&#8221; tabirlerini kulland\u0131.<\/p>\n<p><strong>Kaynak: habersarikirmizi.com<\/strong><\/p>\n","protected":false},"excerpt":{"rendered":"<p>Galatasaray, Hatayspor kar\u015f\u0131s\u0131nda birinci yar\u0131nda en mak\u00fbs performanslar\u0131ndan birini sergilerken m\u00fcsabaka 1-1 berabere sona erdi.<\/p>\n","protected":false},"author":1,"featured_media":0,"comment_status":"open","ping_status":"open","sticky":false,"template":"","format":"standard","meta":{"footnotes":""},"categories":[1],"tags":[71],"class_list":["post-2735","post","type-post","status-publish","format-standard","hentry","category-galatasaray-haber","tag-mac"],"_links":{"self":[{"href":"https:\/\/habergalatasaray.tr\/index.php\/wp-json\/wp\/v2\/posts\/2735","targetHints":{"allow":["GET"]}}],"collection":[{"href":"https:\/\/habergalatasaray.tr\/index.php\/wp-json\/wp\/v2\/posts"}],"about":[{"href":"https:\/\/habergalatasaray.tr\/index.php\/wp-json\/wp\/v2\/types\/post"}],"author":[{"embeddable":true,"href":"https:\/\/habergalatasaray.tr\/index.php\/wp-json\/wp\/v2\/users\/1"}],"replies":[{"embeddable":true,"href":"https:\/\/habergalatasaray.tr\/index.php\/wp-json\/wp\/v2\/comments?post=2735"}],"version-history":[{"count":1,"href":"https:\/\/habergalatasaray.tr\/index.php\/wp-json\/wp\/v2\/posts\/2735\/revisions"}],"predecessor-version":[{"id":2736,"href":"https:\/\/habergalatasaray.tr\/index.php\/wp-json\/wp\/v2\/posts\/2735\/revisions\/2736"}],"wp:attachment":[{"href":"https:\/\/habergalatasaray.tr\/index.php\/wp-json\/wp\/v2\/media?parent=2735"}],"wp:term":[{"taxonomy":"category","embeddable":true,"href":"https:\/\/habergalatasaray.tr\/index.php\/wp-json\/wp\/v2\/categories?post=2735"},{"taxonomy":"post_tag","embeddable":true,"href":"https:\/\/habergalatasaray.tr\/index.php\/wp-json\/wp\/v2\/tags?post=2735"}],"curies":[{"name":"wp","href":"https:\/\/api.w.org\/{rel}","templated":true}]}}