{"id":2813,"date":"2025-01-24T01:23:48","date_gmt":"2025-01-24T01:23:48","guid":{"rendered":"https:\/\/habergalatasaray.tr\/?p=2813"},"modified":"2025-01-24T01:23:48","modified_gmt":"2025-01-24T01:23:48","slug":"galatasaray-5-milyon-euro-ve-sonraki-satistan-yuzde-25-pay-fenerbahce-ise-6-milyon-euro-ve-yuzde-35-pay-teklif-etti","status":"publish","type":"post","link":"https:\/\/habergalatasaray.tr\/index.php\/2025\/01\/24\/galatasaray-5-milyon-euro-ve-sonraki-satistan-yuzde-25-pay-fenerbahce-ise-6-milyon-euro-ve-yuzde-35-pay-teklif-etti\/","title":{"rendered":"&#8220;Galatasaray 5 milyon Euro ve\u00a0sonraki sat\u0131\u015ftan y\u00fczde 25 pay; Fenerbah\u00e7e ise 6 milyon Euro ve y\u00fczde 35 pay teklif etti&#8221;"},"content":{"rendered":"<p>Galatasaray&#8217;da transferde de\u011ferli geli\u015fmeler ya\u015fan\u0131rken yeni ayr\u0131nt\u0131lar ortaya \u00e7\u0131k\u0131yor.<\/p>\n<p>Galatasaray muhabiri Burhan Can Terzi, Sportcell Youtube kanal\u0131nda Galatasaray&#8217;\u0131n transfer g\u00fcndemiyle ilgili bilgiler aktard\u0131.<\/p>\n<p><strong>Terzi&#8217;nin a\u00e7\u0131klamalar\u0131 \u015fu formda:<\/strong><\/p>\n<p><strong>&#8220;YAZ TRANSFER D\u00d6NEM\u0130DNE OLMAMI\u015eTI, \u015eU AN GELMEK \u0130ST\u0130YOR&#8221;<\/strong><\/p>\n<p>&#8220;Okan hocan\u0131n \u00e7ok be\u011fendi\u011fi lakin yaz transfer periyodunda olmayan isimlerden biri, \u015fu an Galatasaray&#8217;a gelmek istiyor. Bu isim orta alanda oynuyor.&#8221;<\/p>\n<p><strong>AHMED KUTUCU \u0130\u00c7\u0130N TEKL\u0130FLER<\/strong><\/p>\n<p>&#8220;Galatasaray, Ahmed Kutucu i\u00e7in takas, 5 milyon Euro ve sonraki sat\u0131\u015ftan %25 hisse ve teklif etti. Fenerbah\u00e7e ise 6 milyon Euro ve sonraki sat\u0131\u015ftan %35 hisse teklifinde bulundu.&#8221; <\/p>\n<p><img decoding=\"async\" class=\"detayFoto\" src=\"https:\/\/www.habersarikirmizi.com\/images\/upload\/Ahmed-Kutucu_13.jpg\"><\/p>\n<p><strong>&#8220;\u0130SM\u0130 \u00c7IKMAMIL B\u0130R\u00c7OK OYUNCUYLA G\u00d6R\u00dc\u015eME HAL\u0130NDELER&#8221;<\/strong><\/p>\n<p>&#8220;Daha uygununu i\u00e7in bak\u0131l\u0131yor laf\u0131 s\u00f6yleniyor daima lakin \u015funu s\u00f6yleyeyim; Galatasaray taraf\u0131 &#8216;\u0130smi \u00e7\u0131kmayan en az 10 oyuncuyla da g\u00f6r\u00fc\u015f\u00fcyoruz&#8217; diyor. Duyulmak istenmeyen kelamlar bunlar fakat Galatasaray \u015fu an ismi \u00e7\u0131kmam\u0131\u015f bir\u00e7ok oyuncuyla g\u00f6r\u00fc\u015fme halinde.&#8221; s\u00f6zlerini kulland\u0131.<\/p>\n","protected":false},"excerpt":{"rendered":"<p>Galatasaray&#8217;\u0131n orta transfer devrinde tak\u0131m\u0131n\u0131 g\u00fc\u00e7lendirme \u00e7al\u0131\u015fmalar\u0131 devam ediyor.<\/p>\n","protected":false},"author":1,"featured_media":0,"comment_status":"open","ping_status":"open","sticky":false,"template":"","format":"standard","meta":{"footnotes":""},"categories":[1],"tags":[24,138],"class_list":["post-2813","post","type-post","status-publish","format-standard","hentry","category-galatasaray-haber","tag-galatasaray","tag-su"],"_links":{"self":[{"href":"https:\/\/habergalatasaray.tr\/index.php\/wp-json\/wp\/v2\/posts\/2813","targetHints":{"allow":["GET"]}}],"collection":[{"href":"https:\/\/habergalatasaray.tr\/index.php\/wp-json\/wp\/v2\/posts"}],"about":[{"href":"https:\/\/habergalatasaray.tr\/index.php\/wp-json\/wp\/v2\/types\/post"}],"author":[{"embeddable":true,"href":"https:\/\/habergalatasaray.tr\/index.php\/wp-json\/wp\/v2\/users\/1"}],"replies":[{"embeddable":true,"href":"https:\/\/habergalatasaray.tr\/index.php\/wp-json\/wp\/v2\/comments?post=2813"}],"version-history":[{"count":1,"href":"https:\/\/habergalatasaray.tr\/index.php\/wp-json\/wp\/v2\/posts\/2813\/revisions"}],"predecessor-version":[{"id":2814,"href":"https:\/\/habergalatasaray.tr\/index.php\/wp-json\/wp\/v2\/posts\/2813\/revisions\/2814"}],"wp:attachment":[{"href":"https:\/\/habergalatasaray.tr\/index.php\/wp-json\/wp\/v2\/media?parent=2813"}],"wp:term":[{"taxonomy":"category","embeddable":true,"href":"https:\/\/habergalatasaray.tr\/index.php\/wp-json\/wp\/v2\/categories?post=2813"},{"taxonomy":"post_tag","embeddable":true,"href":"https:\/\/habergalatasaray.tr\/index.php\/wp-json\/wp\/v2\/tags?post=2813"}],"curies":[{"name":"wp","href":"https:\/\/api.w.org\/{rel}","templated":true}]}}