{"id":2823,"date":"2025-01-24T02:59:48","date_gmt":"2025-01-24T02:59:48","guid":{"rendered":"https:\/\/habergalatasaray.tr\/?p=2823"},"modified":"2025-01-24T02:59:48","modified_gmt":"2025-01-24T02:59:48","slug":"simdi-anlasma-yapalim-sezon-sonunda-galatasaraya-gelsin","status":"publish","type":"post","link":"https:\/\/habergalatasaray.tr\/index.php\/2025\/01\/24\/simdi-anlasma-yapalim-sezon-sonunda-galatasaraya-gelsin\/","title":{"rendered":"&#8220;\u015eimdi anla\u015fma yapal\u0131m, sezon sonunda Galatasaray&#8217;a gelsin&#8221;"},"content":{"rendered":"<p>Galatasaray&#8217;da orta transfer periyodu \u00e7al\u0131\u015fmalar\u0131nda de\u011ferli hareketlilik ba\u015flad\u0131.<\/p>\n<p>Sar\u0131 k\u0131rm\u0131z\u0131l\u0131 idare, gerekli destekleri bir an evvel yapmak istiyor.<\/p>\n<p><strong>AHMED KUTUCU VE SKRINIAR GEL\u0130\u015eMES\u0130<\/strong><\/p>\n<p>Galatasaray muhabiri Kaya Temel, A Spor yay\u0131n\u0131nda Galatasaray&#8217;\u0131n transfer g\u00fcndemiyle ilgili bilgiler aktard\u0131.<\/p>\n<p><strong>Temel&#8217;in a\u00e7\u0131klamalar\u0131 halde:<\/strong><\/p>\n<p><strong>&#8220;EY\u00dcPSPOR, AHMED KUTUCU&#8217;YU D\u00d6NEM SONUNDA G\u00d6NDERMEK \u0130ST\u0130YOR&#8221;<\/strong><\/p>\n<p>&#8220;Galatasaray\u2019dan Ahmed Kutucu i\u00e7in bonservis ve kiral\u0131k olarak Yusuf Demir istendi fakat Ey\u00fcpspor, Ahmed Kutucu&#8217;yu kaybetmek istemiyor. &#8216;\u015eimdi mutabakat yapal\u0131m, d\u00f6nem sonunda Galatasaray&#8217;a gelsin&#8217; fikri var. Galatasaray ise \u015fu an istiyor.&#8221;<\/p>\n<p><strong>&#8220;SKRINIAR TRANSFER\u0130NDE \u0130MZAYA YAKLA\u015eILDI&#8221;<\/strong><\/p>\n<p>&#8220;Galatasaray, Milan Skriniar transferi konusunda imzaya yakla\u015ft\u0131. PSG, sat\u0131n alma opsiyonu da ekletmek istiyor. Lakin Galatasaray \u015fad kalmas\u0131 durumunda alma konusunu ekleyebilir. Sar\u0131 k\u0131rm\u0131z\u0131l\u0131lar, Skriniar&#8217;\u0131 d\u00f6nem sonuna kadar 4 milyon Euro&#8217;ya kiralamay\u0131 istiyor.&#8221; tabirlerini kulland\u0131.<\/p>\n<p><strong>Kaynak: habersarikirmizi.com<\/strong><\/p>\n","protected":false},"excerpt":{"rendered":"<p>Galatasaray&#8217;\u0131n tak\u0131m\u0131n\u0131 g\u00fc\u00e7lendirmek i\u00e7in transferde a\u011f\u0131r \u00e7al\u0131\u015fmalar\u0131 devam ediyor.<\/p>\n","protected":false},"author":1,"featured_media":0,"comment_status":"open","ping_status":"open","sticky":false,"template":"","format":"standard","meta":{"footnotes":""},"categories":[1],"tags":[24],"class_list":["post-2823","post","type-post","status-publish","format-standard","hentry","category-galatasaray-haber","tag-galatasaray"],"_links":{"self":[{"href":"https:\/\/habergalatasaray.tr\/index.php\/wp-json\/wp\/v2\/posts\/2823","targetHints":{"allow":["GET"]}}],"collection":[{"href":"https:\/\/habergalatasaray.tr\/index.php\/wp-json\/wp\/v2\/posts"}],"about":[{"href":"https:\/\/habergalatasaray.tr\/index.php\/wp-json\/wp\/v2\/types\/post"}],"author":[{"embeddable":true,"href":"https:\/\/habergalatasaray.tr\/index.php\/wp-json\/wp\/v2\/users\/1"}],"replies":[{"embeddable":true,"href":"https:\/\/habergalatasaray.tr\/index.php\/wp-json\/wp\/v2\/comments?post=2823"}],"version-history":[{"count":1,"href":"https:\/\/habergalatasaray.tr\/index.php\/wp-json\/wp\/v2\/posts\/2823\/revisions"}],"predecessor-version":[{"id":2824,"href":"https:\/\/habergalatasaray.tr\/index.php\/wp-json\/wp\/v2\/posts\/2823\/revisions\/2824"}],"wp:attachment":[{"href":"https:\/\/habergalatasaray.tr\/index.php\/wp-json\/wp\/v2\/media?parent=2823"}],"wp:term":[{"taxonomy":"category","embeddable":true,"href":"https:\/\/habergalatasaray.tr\/index.php\/wp-json\/wp\/v2\/categories?post=2823"},{"taxonomy":"post_tag","embeddable":true,"href":"https:\/\/habergalatasaray.tr\/index.php\/wp-json\/wp\/v2\/tags?post=2823"}],"curies":[{"name":"wp","href":"https:\/\/api.w.org\/{rel}","templated":true}]}}