{"id":2843,"date":"2025-01-24T08:11:54","date_gmt":"2025-01-24T08:11:54","guid":{"rendered":"https:\/\/habergalatasaray.tr\/?p=2843"},"modified":"2025-01-24T08:11:54","modified_gmt":"2025-01-24T08:11:54","slug":"haluk-yurekli-fenerbahce-istedi-galatasaraya-gitmek-istedigini-soyledi-anlasma-saglandi","status":"publish","type":"post","link":"https:\/\/habergalatasaray.tr\/index.php\/2025\/01\/24\/haluk-yurekli-fenerbahce-istedi-galatasaraya-gitmek-istedigini-soyledi-anlasma-saglandi\/","title":{"rendered":"Haluk Y\u00fcrekli: &#8220;Fenerbah\u00e7e istedi, Galatasaray&#8217;a gitmek istedi\u011fini s\u00f6yledi, anla\u015fma sa\u011fland\u0131&#8221;"},"content":{"rendered":"<p>TV100 yorumcusu Haluk Y\u00fcrekli, Galatasaray&#8217;\u0131n transfer g\u00fcndemiyle ilgili de\u011ferli bilgiler aktard\u0131.<\/p>\n<p><strong>Y\u00fcrekli&#8217;nin a\u00e7\u0131klamalar\u0131 \u015fu bi\u00e7imde:<\/strong><\/p>\n<p><strong>&#8220;SKRINIAR \u0130\u00c7\u0130N ANLA\u015eILDI&#8221;<\/strong><\/p>\n<p>&#8220;Galatasaray, Skriniar konusunda oyuncu taraf\u0131yla anla\u015ft\u0131. PSG\u2019nin talepleri de kabul edildi. Tek zahmet PSG\u2019nin kiral\u0131k oyuncu g\u00f6nderme kotas\u0131 dolu. PSG, bu sorunu a\u015fmak istiyor. PSG, kiralad\u0131\u011f\u0131 bir oyuncuyu geri \u00e7a\u011f\u0131r\u0131p bu sorunu a\u015facak. Be\u015fikta\u015f\u2019taki Ndour da geri \u00e7a\u011f\u0131r\u0131lmak istenen listede.&#8221;<\/p>\n<p><strong>&#8220;FENERBAH\u00c7E TAL\u0130P OLDU, GALATASARAY&#8217;I SE\u00c7T\u0130&#8221;<\/strong><\/p>\n<p>&#8220;Milan Skrinar&#8217;a Fenerbah\u00e7e talip oldu. Oyuncu, Fenerbah\u00e7e&#8217;ye de\u011fil Galatasaray&#8217;a gitmek istedi\u011fini s\u00f6yledi. Galatasaray&#8217;\u0131 se\u00e7ti.&#8221;<\/p>\n<p><img decoding=\"async\" class=\"detayFoto\" src=\"https:\/\/www.habersarikirmizi.com\/images\/upload\/Milan-Skriniar_26.jpg\"><\/p>\n<p><strong>&#8220;MAA\u015eININ B\u0130R KISMINDAN FERAGAT ETT\u0130&#8221;<\/strong><\/p>\n<p>&#8220;Galatasaray, Skriniar transferinde pazarl\u0131klara 2.5 milyon Euro&#8217;dan ba\u015flad\u0131. Sonra 3-3.5 milyon Euro&#8217;lara \u00e7\u0131k\u0131ld\u0131. PSG, &#8216;Tamam\u0131n\u0131 \u00f6deyin&#8217; dedi. Skriniar maa\u015f\u0131n\u0131n bir k\u0131sm\u0131ndan feragat etti. Tam say\u0131 bilinmiyor.&#8221;<\/p>\n<p><strong>&#8220;OKAN BURUK G\u00d6R\u00dc\u015eT\u00dc&#8221;<\/strong><\/p>\n<p>&#8220;Skriniar ile Okan Burk g\u00f6r\u00fc\u015ft\u00fc. Galatasaray&#8217;daki rol\u00fc anlat\u0131ld\u0131.&#8221; tabirlerini kulland\u0131.<\/p>\n<p><strong>Kaynak: habersarikirmizi.com<\/strong><\/p>\n","protected":false},"excerpt":{"rendered":"<p>Galatasaray&#8217;\u0131n uzun m\u00fcddettir g\u00f6r\u00fc\u015fmelerde bulundu\u011fu transferde sona gelindi.<\/p>\n","protected":false},"author":1,"featured_media":0,"comment_status":"open","ping_status":"open","sticky":false,"template":"","format":"standard","meta":{"footnotes":""},"categories":[1],"tags":[],"class_list":["post-2843","post","type-post","status-publish","format-standard","hentry","category-galatasaray-haber"],"_links":{"self":[{"href":"https:\/\/habergalatasaray.tr\/index.php\/wp-json\/wp\/v2\/posts\/2843","targetHints":{"allow":["GET"]}}],"collection":[{"href":"https:\/\/habergalatasaray.tr\/index.php\/wp-json\/wp\/v2\/posts"}],"about":[{"href":"https:\/\/habergalatasaray.tr\/index.php\/wp-json\/wp\/v2\/types\/post"}],"author":[{"embeddable":true,"href":"https:\/\/habergalatasaray.tr\/index.php\/wp-json\/wp\/v2\/users\/1"}],"replies":[{"embeddable":true,"href":"https:\/\/habergalatasaray.tr\/index.php\/wp-json\/wp\/v2\/comments?post=2843"}],"version-history":[{"count":1,"href":"https:\/\/habergalatasaray.tr\/index.php\/wp-json\/wp\/v2\/posts\/2843\/revisions"}],"predecessor-version":[{"id":2844,"href":"https:\/\/habergalatasaray.tr\/index.php\/wp-json\/wp\/v2\/posts\/2843\/revisions\/2844"}],"wp:attachment":[{"href":"https:\/\/habergalatasaray.tr\/index.php\/wp-json\/wp\/v2\/media?parent=2843"}],"wp:term":[{"taxonomy":"category","embeddable":true,"href":"https:\/\/habergalatasaray.tr\/index.php\/wp-json\/wp\/v2\/categories?post=2843"},{"taxonomy":"post_tag","embeddable":true,"href":"https:\/\/habergalatasaray.tr\/index.php\/wp-json\/wp\/v2\/tags?post=2843"}],"curies":[{"name":"wp","href":"https:\/\/api.w.org\/{rel}","templated":true}]}}