{"id":2851,"date":"2025-01-24T09:23:53","date_gmt":"2025-01-24T09:23:53","guid":{"rendered":"https:\/\/habergalatasaray.tr\/?p=2851"},"modified":"2025-01-24T09:23:53","modified_gmt":"2025-01-24T09:23:53","slug":"galatasaray-6-milyon-euroya-anlasma-sagladi-yarin-imzalar-atilacak","status":"publish","type":"post","link":"https:\/\/habergalatasaray.tr\/index.php\/2025\/01\/24\/galatasaray-6-milyon-euroya-anlasma-sagladi-yarin-imzalar-atilacak\/","title":{"rendered":"&#8220;Galatasaray 6 milyon Euro&#8217;ya anla\u015fma sa\u011flad\u0131, yar\u0131n imzalar at\u0131lacak&#8221;"},"content":{"rendered":"<p>Galatasaray&#8217;da Ahmed Kutucu transferinde sona gelindi.<\/p>\n<p>Sar\u0131 k\u0131rm\u0131z\u0131l\u0131lar, Ey\u00fcpspor&#8217;dan 24 ya\u015f\u0131ndaki golc\u00fc oyuncuyu tak\u0131m\u0131na kat\u0131yor.<\/p>\n<p><strong>AHMED KUTUCU GEL\u0130\u015eMES\u0130<\/strong><\/p>\n<p>TV100 yorumcusu \u0130brahim Seten, Ahmed Kutucu transferinin ger\u00e7ekle\u015fti\u011fini lisana getirdi.<\/p>\n<p><strong>Seten&#8217;in a\u00e7\u0131klamalar\u0131 \u015fu bi\u00e7imde:<\/strong><\/p>\n<p><strong>&#8220;6 M\u0130LYON EURO&#8217;YA EL SIKI\u015eILDI&#8221;<\/strong><\/p>\n<p>&#8220;Galatasaray ve Ey\u00fcpspor, Ahmed Kutucu i\u00e7in 6 milyon Euro kar\u015f\u0131l\u0131\u011f\u0131nda el s\u0131k\u0131\u015ft\u0131. Yar\u0131n resmi imza at\u0131lacak.&#8221; s\u00f6zlerini kulland\u0131.<\/p>\n<p><img decoding=\"async\" class=\"detayFoto\" src=\"https:\/\/www.habersarikirmizi.com\/images\/upload\/Ahmed-Kutucu-Galatasaray-da.jpg\"><\/p>\n","protected":false},"excerpt":{"rendered":"<p>Galatasaray, orta transfer periyodu ataklar\u0131n\u0131 arka arda yapmaya devam ediyor.<\/p>\n","protected":false},"author":1,"featured_media":0,"comment_status":"open","ping_status":"open","sticky":false,"template":"","format":"standard","meta":{"footnotes":""},"categories":[1],"tags":[],"class_list":["post-2851","post","type-post","status-publish","format-standard","hentry","category-galatasaray-haber"],"_links":{"self":[{"href":"https:\/\/habergalatasaray.tr\/index.php\/wp-json\/wp\/v2\/posts\/2851","targetHints":{"allow":["GET"]}}],"collection":[{"href":"https:\/\/habergalatasaray.tr\/index.php\/wp-json\/wp\/v2\/posts"}],"about":[{"href":"https:\/\/habergalatasaray.tr\/index.php\/wp-json\/wp\/v2\/types\/post"}],"author":[{"embeddable":true,"href":"https:\/\/habergalatasaray.tr\/index.php\/wp-json\/wp\/v2\/users\/1"}],"replies":[{"embeddable":true,"href":"https:\/\/habergalatasaray.tr\/index.php\/wp-json\/wp\/v2\/comments?post=2851"}],"version-history":[{"count":1,"href":"https:\/\/habergalatasaray.tr\/index.php\/wp-json\/wp\/v2\/posts\/2851\/revisions"}],"predecessor-version":[{"id":2852,"href":"https:\/\/habergalatasaray.tr\/index.php\/wp-json\/wp\/v2\/posts\/2851\/revisions\/2852"}],"wp:attachment":[{"href":"https:\/\/habergalatasaray.tr\/index.php\/wp-json\/wp\/v2\/media?parent=2851"}],"wp:term":[{"taxonomy":"category","embeddable":true,"href":"https:\/\/habergalatasaray.tr\/index.php\/wp-json\/wp\/v2\/categories?post=2851"},{"taxonomy":"post_tag","embeddable":true,"href":"https:\/\/habergalatasaray.tr\/index.php\/wp-json\/wp\/v2\/tags?post=2851"}],"curies":[{"name":"wp","href":"https:\/\/api.w.org\/{rel}","templated":true}]}}