{"id":2891,"date":"2025-01-24T15:59:53","date_gmt":"2025-01-24T15:59:53","guid":{"rendered":"https:\/\/habergalatasaray.tr\/?p=2891"},"modified":"2025-01-24T15:59:53","modified_gmt":"2025-01-24T15:59:53","slug":"galatasaray-dinamo-kiev-macinda-surpriz-golcu-stada-geldi","status":"publish","type":"post","link":"https:\/\/habergalatasaray.tr\/index.php\/2025\/01\/24\/galatasaray-dinamo-kiev-macinda-surpriz-golcu-stada-geldi\/","title":{"rendered":"Galatasaray  &#8211; Dinamo Kiev ma\u00e7\u0131nda s\u00fcrpriz golc\u00fc! Stada geldi!"},"content":{"rendered":"<p>Galatasaray&#8217;da g\u00f6zler UEFA Avrupa Ligi&#8217;nde Dinamo Kiev ile oynanacak ma\u00e7a \u00e7evrildi.<\/p>\n<p>Galatasaray&#8217;\u0131n eski y\u0131ld\u0131zlar\u0131 kul\u00fcple olan ba\u011flar\u0131n\u0131 hi\u00e7bir vakit koparm\u0131yor.<\/p>\n<p><strong>RAMS PARK&#8217;TA S\u00dcRPR\u0130Z KONUK<\/strong><\/p>\n<p>Galatasaray &#8211; Dinamo Kiev ma\u00e7\u0131nda Rams Park&#8217;ta s\u00fcrpriz bir konuk olacak. <\/p>\n<p><strong>GOMIS, TR\u0130B\u00dcNDE OLACAK<\/strong><\/p>\n<p>Sar\u0131 k\u0131rm\u0131z\u0131l\u0131 taraftarlar\u0131n sevdi\u011fi isimlerden Bafetimbi Gomis stadyumda yerini alacak.<\/p>\n<p><img decoding=\"async\" class=\"detayFoto\" src=\"https:\/\/www.habersarikirmizi.com\/images\/upload\/Bafetimbi-Gomis_1.jpg\"><\/p>\n<p><strong>HEM KRAL OLDU, HEM \u015eAMP\u0130YONLUK YA\u015eADI<\/strong><\/p>\n<p>Sar\u0131 k\u0131rm\u0131z\u0131l\u0131lar\u0131n eski golc\u00fc, gol krall\u0131klar\u0131n\u0131n yan\u0131 s\u0131ra \u015fampiyonluklar da ya\u015fam\u0131\u015ft\u0131.<\/p>\n<p><strong>TRANSFER G\u00d6R\u00dc\u015eMELER\u0130NDE DESTEL OLUYOR<\/strong><\/p>\n<p>Frans\u0131z eski oyuncu, birebir vakitte Galatasaray&#8217;a transfer g\u00f6r\u00fc\u015fmelerinde de b\u00fcy\u00fck takviye veriyor.<\/p>\n<p><strong>Kaynak: habersarikirmizi.com<\/strong><\/p>\n","protected":false},"excerpt":{"rendered":"<p>Galatasaray&#8217;\u0131n Dinamo Kiev ile oynayaca\u011f\u0131 ma\u00e7ta s\u00fcrpriz bir konu\u011fu olacak.<\/p>\n","protected":false},"author":1,"featured_media":0,"comment_status":"open","ping_status":"open","sticky":false,"template":"","format":"standard","meta":{"footnotes":""},"categories":[1],"tags":[],"class_list":["post-2891","post","type-post","status-publish","format-standard","hentry","category-galatasaray-haber"],"_links":{"self":[{"href":"https:\/\/habergalatasaray.tr\/index.php\/wp-json\/wp\/v2\/posts\/2891","targetHints":{"allow":["GET"]}}],"collection":[{"href":"https:\/\/habergalatasaray.tr\/index.php\/wp-json\/wp\/v2\/posts"}],"about":[{"href":"https:\/\/habergalatasaray.tr\/index.php\/wp-json\/wp\/v2\/types\/post"}],"author":[{"embeddable":true,"href":"https:\/\/habergalatasaray.tr\/index.php\/wp-json\/wp\/v2\/users\/1"}],"replies":[{"embeddable":true,"href":"https:\/\/habergalatasaray.tr\/index.php\/wp-json\/wp\/v2\/comments?post=2891"}],"version-history":[{"count":1,"href":"https:\/\/habergalatasaray.tr\/index.php\/wp-json\/wp\/v2\/posts\/2891\/revisions"}],"predecessor-version":[{"id":2892,"href":"https:\/\/habergalatasaray.tr\/index.php\/wp-json\/wp\/v2\/posts\/2891\/revisions\/2892"}],"wp:attachment":[{"href":"https:\/\/habergalatasaray.tr\/index.php\/wp-json\/wp\/v2\/media?parent=2891"}],"wp:term":[{"taxonomy":"category","embeddable":true,"href":"https:\/\/habergalatasaray.tr\/index.php\/wp-json\/wp\/v2\/categories?post=2891"},{"taxonomy":"post_tag","embeddable":true,"href":"https:\/\/habergalatasaray.tr\/index.php\/wp-json\/wp\/v2\/tags?post=2891"}],"curies":[{"name":"wp","href":"https:\/\/api.w.org\/{rel}","templated":true}]}}