{"id":2907,"date":"2025-01-24T18:35:53","date_gmt":"2025-01-24T18:35:53","guid":{"rendered":"https:\/\/habergalatasaray.tr\/?p=2907"},"modified":"2025-01-24T18:35:53","modified_gmt":"2025-01-24T18:35:53","slug":"serhat-ulueren-galatasaray-geri-getirsin-osimhen-ile-birlikte-mukemmel-ikili-olurlar","status":"publish","type":"post","link":"https:\/\/habergalatasaray.tr\/index.php\/2025\/01\/24\/serhat-ulueren-galatasaray-geri-getirsin-osimhen-ile-birlikte-mukemmel-ikili-olurlar\/","title":{"rendered":"Serhat Ulueren: &#8220;Galatasaray geri getirsin, Osimhen ile birlikte m\u00fckemmel ikili olurlar&#8221;"},"content":{"rendered":"<p>Telegol yorumcusu Serhat Ulueren, Galatasaray ile ilgili yorumlarda bulundu.<\/p>\n<p><strong>Ulueren&#8217;in a\u00e7\u0131klamalar\u0131 \u015fu halde:<\/strong><\/p>\n<p><strong>&#8220;B\u0130R\u0130NE B\u0130R \u015eEY OLURSA T\u00dcM OMURGA DA&#286;ILIR&#8221;<\/strong><\/p>\n<p>&#8220;Galatasaray&#8217;da Davinson Sanchez, Lucas Torreira, Gabriel Sara ya da Dries Mertens&#8217;ten birisine bir \u015fey olursa t\u00fcm omurga da\u011f\u0131l\u0131r. Ne Victor Osimhen&#8217;e top sarfiyat ne de Yunus Akg\u00fcn ve Kerem Akt\u00fcrko\u011flu istedi\u011fi bo\u015f alanlar\u0131 yakalayamazlar. Gabriel Sara olmad\u0131, iki ma\u00e7ta salland\u0131lar. 2 de\u011fil, 4 puan da gidebilirdi.&#8221;<\/p>\n<p><strong>&#8220;EN B\u00dcY\u00dcK YANLI\u015eI SA&#286; BEK TRANSFER\u0130NDE YAPTI&#8221;<\/strong><\/p>\n<p>&#8220;Okan Buruk, bence en b\u00fcy\u00fck yanl\u0131\u015f\u0131 sa\u011f bek transferinde yapt\u0131. Galatasaray&#8217;a geldi\u011finden beri 5 tane sa\u011f bek al\u0131nd\u0131 ancak hi\u00e7biri tutmad\u0131. Sacha Boey asl\u0131nda onun devrinde gelmedi. Art\u0131k Kaan Ayhan olmad\u0131 ve Roland Sallai denenecek. Orada hala badire devam ediyor.&#8221;<\/p>\n<p><strong>&#8220;BEN OLSAM ZANIOLO&#8217;YU GER\u0130 GET\u0130R\u0130R\u0130M&#8221;<\/strong><\/p>\n<p>&#8220;38 ya\u015f\u0131ndaki Dries Mertens seni nereye kadar g\u00f6t\u00fcrecek? Ben olsam Atalanta&#8217;dan Nicolo Zaniolo&#8217;yu geri getiririm. Galatasaray&#8217;a dirilik katar, rakip savunmay\u0131 kar\u0131\u015ft\u0131r\u0131r. Victor Osimhen ile birlikte kusursuz ikili olurlar. Mertens de dinlenmi\u015f olur.&#8221; s\u00f6zlerini kulland\u0131.<\/p>\n<p><strong>Kaynak: habersarikirmizi.com<\/strong><\/p>\n","protected":false},"excerpt":{"rendered":"<p>Galatasaray&#8217;\u0131n tak\u0131m planlamas\u0131 alternatifsizlik nedeniyle son haftalarda tenkitler al\u0131yor.<\/p>\n","protected":false},"author":1,"featured_media":0,"comment_status":"open","ping_status":"open","sticky":false,"template":"","format":"standard","meta":{"footnotes":""},"categories":[1],"tags":[37],"class_list":["post-2907","post","type-post","status-publish","format-standard","hentry","category-galatasaray-haber","tag-bir"],"_links":{"self":[{"href":"https:\/\/habergalatasaray.tr\/index.php\/wp-json\/wp\/v2\/posts\/2907","targetHints":{"allow":["GET"]}}],"collection":[{"href":"https:\/\/habergalatasaray.tr\/index.php\/wp-json\/wp\/v2\/posts"}],"about":[{"href":"https:\/\/habergalatasaray.tr\/index.php\/wp-json\/wp\/v2\/types\/post"}],"author":[{"embeddable":true,"href":"https:\/\/habergalatasaray.tr\/index.php\/wp-json\/wp\/v2\/users\/1"}],"replies":[{"embeddable":true,"href":"https:\/\/habergalatasaray.tr\/index.php\/wp-json\/wp\/v2\/comments?post=2907"}],"version-history":[{"count":1,"href":"https:\/\/habergalatasaray.tr\/index.php\/wp-json\/wp\/v2\/posts\/2907\/revisions"}],"predecessor-version":[{"id":2908,"href":"https:\/\/habergalatasaray.tr\/index.php\/wp-json\/wp\/v2\/posts\/2907\/revisions\/2908"}],"wp:attachment":[{"href":"https:\/\/habergalatasaray.tr\/index.php\/wp-json\/wp\/v2\/media?parent=2907"}],"wp:term":[{"taxonomy":"category","embeddable":true,"href":"https:\/\/habergalatasaray.tr\/index.php\/wp-json\/wp\/v2\/categories?post=2907"},{"taxonomy":"post_tag","embeddable":true,"href":"https:\/\/habergalatasaray.tr\/index.php\/wp-json\/wp\/v2\/tags?post=2907"}],"curies":[{"name":"wp","href":"https:\/\/api.w.org\/{rel}","templated":true}]}}