{"id":3003,"date":"2025-01-25T07:23:43","date_gmt":"2025-01-25T07:23:43","guid":{"rendered":"https:\/\/habergalatasaray.tr\/?p=3003"},"modified":"2025-01-25T07:23:43","modified_gmt":"2025-01-25T07:23:43","slug":"ben-artik-galatasarayda-yokum","status":"publish","type":"post","link":"https:\/\/habergalatasaray.tr\/index.php\/2025\/01\/25\/ben-artik-galatasarayda-yokum\/","title":{"rendered":"&#8220;Ben art\u0131k Galatasaray&#8217;da yokum&#8221;"},"content":{"rendered":"<p>Galatasaray\u2019da 3-3 biten Dinamo Kiev ma\u00e7\u0131nda performans\u0131 nedeniyle taraftar\u0131n reaksiyonunu alan Kaptan Fernando Muslera, d\u00f6nem sonunda kesin olarak veda etme karar\u0131 ald\u0131.<\/p>\n<p><strong>D\u0130REKT SOYUNMA ODASINA G\u0130TT\u0130<\/strong><\/p>\n<p>Kar\u015f\u0131la\u015fman\u0131n sonras\u0131nda kendisine yap\u0131lan \u0131sl\u0131kl\u0131 protestolara \u00e7ok sonlanan Uruguayl\u0131 kaleci, direkt soyunma odas\u0131na giderken, Teknik Y\u00f6netici Okan Buruk\u2019a, eliyle &ldquo;Bitti&rdquo; i\u015fareti yapm\u0131\u015ft\u0131.<\/p>\n<p><strong>&#8220;BEN ARTIK YOKUM&#8221;<\/strong><\/p>\n<p>Dinamo Kiev ma\u00e7\u0131 sonras\u0131 \u00e7ok \u00fczg\u00fcn oldu\u011fu belirtilen deneyimli eldivenin, kadro arkada\u015flar\u0131n\u0131n kendisini sakinle\u015ftirmeye \u00e7al\u0131\u015fmas\u0131na ra\u011fmen g\u00f6zlerinin doldu\u011fu ve \u015funlar\u0131 s\u00f6yledi: <\/p>\n<p>&ldquo;Bunu hak etmiyorum. \u00c7ok \u00fczg\u00fcn\u00fcm lakin sorumlu bensem giderim. 14 y\u0131ld\u0131r burada daima elimden geleni yapt\u0131m ve 2-3 ma\u00e7la bunun \u00fczeri \u00e7iziliyorsa ben de art\u0131k yokum&rdquo; dedi.<\/p>\n<p><img decoding=\"async\" class=\"detayFoto\" src=\"https:\/\/www.habersarikirmizi.com\/images\/upload\/Muslera_12.jpg\"><\/p>\n<p><strong>OKAN BURUK: &#8220;SEN KUL\u00dcB\u00dcN EFSANES\u0130S\u0130N&#8221;<\/strong><\/p>\n<p>Okan Buruk ve y\u00f6neticilerin ise Uruguayl\u0131 eldivenle g\u00f6r\u00fc\u015ferek, &ldquo;Sen bu kul\u00fcb\u00fcn bir efsanesisin. Futbolda vakit zaman bu t\u00fcrl\u00fc periyotlar olur fakat sana dayanak olanlar\u0131n say\u0131s\u0131 her vakit daha fazla. Bizim i\u00e7in bu sene de\u011ferli gayeler var ve senden asla vazge\u00e7meyiz&rdquo; dedikleri belirtildi.<\/p>\n<p><strong>BU SEZONK\u0130 PERFORMANSI<\/strong><\/p>\n<p>Galatasaray\u2019da bu sezon ligde 19 ma\u00e7ta 22 gol kalesinde g\u00f6ren Muslera, UEFA Avrupa Ligi&#8217;nde ise 4 ma\u00e7ta 8 gol yiyerek ma\u00e7 ba\u015f\u0131na 2 gol ortalamas\u0131 tutturdu.<\/p>\n<p><strong>TOPLAM 534 MA\u00c7A \u00c7IKTI<\/strong><\/p>\n<p>Galatasaray\u2019da 428 S\u00fcper Lig ma\u00e7\u0131na \u00e7\u0131karak B\u00fclent Korkmaz\u2019\u0131n rekoruna ula\u015fan Fernando Muslera, toplamda 534 resmi m\u00fcsabakada sar\u0131 k\u0131rm\u0131z\u0131l\u0131 formay\u0131 giydi.<\/p>\n<p><strong>Kaynak: Nevzat Dindar \/ Milliyet<\/strong><\/p>\n","protected":false},"excerpt":{"rendered":"<p>Galatasaray&#8217;da gelece\u011fi belgisiz olan isimden fla\u015f a\u00e7\u0131klamalar geldi.<\/p>\n","protected":false},"author":1,"featured_media":0,"comment_status":"open","ping_status":"open","sticky":false,"template":"","format":"standard","meta":{"footnotes":""},"categories":[1],"tags":[71],"class_list":["post-3003","post","type-post","status-publish","format-standard","hentry","category-galatasaray-haber","tag-mac"],"_links":{"self":[{"href":"https:\/\/habergalatasaray.tr\/index.php\/wp-json\/wp\/v2\/posts\/3003","targetHints":{"allow":["GET"]}}],"collection":[{"href":"https:\/\/habergalatasaray.tr\/index.php\/wp-json\/wp\/v2\/posts"}],"about":[{"href":"https:\/\/habergalatasaray.tr\/index.php\/wp-json\/wp\/v2\/types\/post"}],"author":[{"embeddable":true,"href":"https:\/\/habergalatasaray.tr\/index.php\/wp-json\/wp\/v2\/users\/1"}],"replies":[{"embeddable":true,"href":"https:\/\/habergalatasaray.tr\/index.php\/wp-json\/wp\/v2\/comments?post=3003"}],"version-history":[{"count":1,"href":"https:\/\/habergalatasaray.tr\/index.php\/wp-json\/wp\/v2\/posts\/3003\/revisions"}],"predecessor-version":[{"id":3004,"href":"https:\/\/habergalatasaray.tr\/index.php\/wp-json\/wp\/v2\/posts\/3003\/revisions\/3004"}],"wp:attachment":[{"href":"https:\/\/habergalatasaray.tr\/index.php\/wp-json\/wp\/v2\/media?parent=3003"}],"wp:term":[{"taxonomy":"category","embeddable":true,"href":"https:\/\/habergalatasaray.tr\/index.php\/wp-json\/wp\/v2\/categories?post=3003"},{"taxonomy":"post_tag","embeddable":true,"href":"https:\/\/habergalatasaray.tr\/index.php\/wp-json\/wp\/v2\/tags?post=3003"}],"curies":[{"name":"wp","href":"https:\/\/api.w.org\/{rel}","templated":true}]}}