{"id":3027,"date":"2025-01-25T10:47:41","date_gmt":"2025-01-25T10:47:41","guid":{"rendered":"https:\/\/habergalatasaray.tr\/?p=3027"},"modified":"2025-01-25T10:47:41","modified_gmt":"2025-01-25T10:47:41","slug":"arda-turandan-galatasarayin-yeni-transferi-icin-dikkat-ceken-paylasim","status":"publish","type":"post","link":"https:\/\/habergalatasaray.tr\/index.php\/2025\/01\/25\/arda-turandan-galatasarayin-yeni-transferi-icin-dikkat-ceken-paylasim\/","title":{"rendered":"Arda Turan&#8217;dan Galatasaray&#8217;\u0131n yeni transferi i\u00e7in dikkat \u00e7eken payla\u015f\u0131m!"},"content":{"rendered":"<p>Galatasaray&#8217;\u0131n orta transfer periyodunda tak\u0131m\u0131na katt\u0131\u011f\u0131 birinci isim Ahmed Kutucu oldu.<\/p>\n<p><strong>3,5 YILLIK \u0130MZA ATTI<\/strong><\/p>\n<p>Ey\u00fcpspor&#8217;da sergiledi\u011fi ba\u015far\u0131l\u0131 performansla ulusal kadroya kadar y\u00fckselen 24 ya\u015f\u0131ndaki golc\u00fc oyuncuyla 3,5 y\u0131ll\u0131k kontrat imzaland\u0131.<\/p>\n<p><strong>EY\u00dcPSPOR VE ARDA TURAN&#8217;DAN VEDA<\/strong><\/p>\n<p>Ahmed Kutucu&#8217;nun transferinin akabinde Ey\u00fcpspor ve teknik y\u00f6netici Arda Turan&#8217;dan veda payla\u015f\u0131mlar\u0131 geldi.<\/p>\n<p><strong>ARDA TURAN: &#8220;ASLAN KARDE\u015e\u0130M&#8221;<\/strong><\/p>\n<p>Arda Turan; &#8220;Her \u015fey i\u00e7in te\u015fekk\u00fcr ederiz. M\u00fckemmel bir seyahatti. Yolun a\u00e7\u0131k olsun aslan karde\u015fim.&#8221; payla\u015f\u0131m\u0131n\u0131 yapt\u0131.<\/p>\n<p><img decoding=\"async\" class=\"detayFoto\" src=\"https:\/\/www.habersarikirmizi.com\/images\/upload\/Arda-Turan-dan-Ahmed-Kutucu-ya-veda.jpg\"><\/p>\n<p>Ey\u00fcpspor Kul\u00fcb\u00fc ise &#8220;Transfer oldu\u011fu birinci g\u00fcnden itibaren kul\u00fcb\u00fcm\u00fcze b\u00fcy\u00fck emekler veren, Harika Lig\u2019e \u00e7\u0131kmam\u0131zdaki b\u00fcy\u00fck hisse sahiplerinden biri olan Ahmed Kutucu\u2019nun transferi hakk\u0131nda Galatasaray ile muahedeye var\u0131lm\u0131\u015ft\u0131r. Ahmed Kutucu\u2019ya \u0130kas Ey\u00fcpsporumuza vermi\u015f oldu\u011fu katk\u0131lardan \u00f6t\u00fcr\u00fc te\u015fekk\u00fcr eder, bundan sonraki mesle\u011finde muvaffakiyetler dileriz.&#8221; s\u00f6zlerini kulland\u0131.<\/p>\n<p><img decoding=\"async\" class=\"detayFoto\" src=\"https:\/\/www.habersarikirmizi.com\/images\/upload\/Eyupspor-dan-Ahmed-Kutucu-payla%C5%9F%C4%B1m%C4%B1.jpg\"><\/p>\n","protected":false},"excerpt":{"rendered":"<p>Galatasaray&#8217;da transfer devri \u00e7al\u0131\u015fmalar\u0131 ba\u015flarken transferler ger\u00e7ekle\u015fmeye ba\u015flad\u0131.<\/p>\n","protected":false},"author":1,"featured_media":0,"comment_status":"open","ping_status":"open","sticky":false,"template":"","format":"standard","meta":{"footnotes":""},"categories":[1],"tags":[],"class_list":["post-3027","post","type-post","status-publish","format-standard","hentry","category-galatasaray-haber"],"_links":{"self":[{"href":"https:\/\/habergalatasaray.tr\/index.php\/wp-json\/wp\/v2\/posts\/3027","targetHints":{"allow":["GET"]}}],"collection":[{"href":"https:\/\/habergalatasaray.tr\/index.php\/wp-json\/wp\/v2\/posts"}],"about":[{"href":"https:\/\/habergalatasaray.tr\/index.php\/wp-json\/wp\/v2\/types\/post"}],"author":[{"embeddable":true,"href":"https:\/\/habergalatasaray.tr\/index.php\/wp-json\/wp\/v2\/users\/1"}],"replies":[{"embeddable":true,"href":"https:\/\/habergalatasaray.tr\/index.php\/wp-json\/wp\/v2\/comments?post=3027"}],"version-history":[{"count":1,"href":"https:\/\/habergalatasaray.tr\/index.php\/wp-json\/wp\/v2\/posts\/3027\/revisions"}],"predecessor-version":[{"id":3028,"href":"https:\/\/habergalatasaray.tr\/index.php\/wp-json\/wp\/v2\/posts\/3027\/revisions\/3028"}],"wp:attachment":[{"href":"https:\/\/habergalatasaray.tr\/index.php\/wp-json\/wp\/v2\/media?parent=3027"}],"wp:term":[{"taxonomy":"category","embeddable":true,"href":"https:\/\/habergalatasaray.tr\/index.php\/wp-json\/wp\/v2\/categories?post=3027"},{"taxonomy":"post_tag","embeddable":true,"href":"https:\/\/habergalatasaray.tr\/index.php\/wp-json\/wp\/v2\/tags?post=3027"}],"curies":[{"name":"wp","href":"https:\/\/api.w.org\/{rel}","templated":true}]}}