{"id":3089,"date":"2025-01-25T19:59:40","date_gmt":"2025-01-25T19:59:40","guid":{"rendered":"https:\/\/habergalatasaray.tr\/?p=3089"},"modified":"2025-01-25T19:59:40","modified_gmt":"2025-01-25T19:59:40","slug":"galatasaray-konyaspor-macina-sok-hakem-galatasarayin-golunu-engellemisti-yolculara-saldirmisti","status":"publish","type":"post","link":"https:\/\/habergalatasaray.tr\/index.php\/2025\/01\/25\/galatasaray-konyaspor-macina-sok-hakem-galatasarayin-golunu-engellemisti-yolculara-saldirmisti\/","title":{"rendered":"Galatasaray &#8211; Konyaspor ma\u00e7\u0131na \u015fok hakem! Galatasaray&#8217;\u0131n gol\u00fcn\u00fc engellemi\u015fti, yolculara sald\u0131rm\u0131\u015ft\u0131!"},"content":{"rendered":"<p>S\u00fcper Lig&#8217;in 21. haftas\u0131nda oynanacak olan Galatasaray &#8211; Konyaspor ma\u00e7\u0131n\u0131n VAR hakemi Pawel Raczkowski oldu.<\/p>\n<p>Polonyal\u0131 hakem ile ilgili Galatasaray&#8217;\u0131n berbat an\u0131lar\u0131 bulunuyor.<\/p>\n<p><strong>GALATASARAY&#8217;IN GOL\u00dcN\u00dc ENGELLEM\u0130\u015eT\u0130<\/strong><\/p>\n<p>Pawel Raczkowski, Marsilya &#8211; Galatasaray ma\u00e7\u0131nda Galatasaray&#8217;\u0131n gol ataca\u011f\u0131 durumda rakip defans \u00fczere Marsilya kalesini korumu\u015ftu.<\/p>\n<p><img decoding=\"async\" class=\"detayFoto\" src=\"https:\/\/www.habersarikirmizi.com\/images\/upload\/Pawel-Raczkowski.jpg\"><\/p>\n<p><strong>FAT\u0130H TER\u0130M: &#8220;HAKEM STOPER \u00dcZERE&#8230;&#8221;<\/strong><\/p>\n<p>Ma\u00e7 sonu Fatih Terim; &#8220;Cicaldau bo\u015f kaleye vuracakt\u0131 lakin hakeme tak\u0131ld\u0131. Kale bo\u015f, kaleci yok. Hakeme g\u00f6sterdik, &#8216;\u015eanss\u0131zl\u0131k&#8217; dedi lakin %100 gol durumu. Baraj yapt\u0131, hakem stoper \u00fczere bariyer yapt\u0131.&#8221; diyerek hakeme reaksiyon g\u00f6stermi\u015fti.<\/p>\n<p><strong>SARHO\u015e OLUP YOLCULARA SALDIRMI\u015eTI<\/strong><\/p>\n<p>Galatasaray &#8211; Konyaspor ma\u00e7\u0131n\u0131n VAR hakemi Pawel Raczkowski, 2023 y\u0131l\u0131nda AEK ile Aris ortas\u0131nda oynanacak ma\u00e7\u0131 y\u00f6netmesi i\u00e7in Atina&#8217;ya giderken u\u00e7akta sarho\u015f olup yolculara sald\u0131rm\u0131\u015ft\u0131. Bu hadisenin akabinde Raczkowski, ma\u00e7tan al\u0131nm\u0131\u015ft\u0131.<\/p>\n<p>Kaynak: habersarikirmizi.com<\/p>\n","protected":false},"excerpt":{"rendered":"<p>Galatasaray &#8211; Konyaspor ma\u00e7\u0131yla ilgili \u015fa\u015f\u0131rtan bir VAR hakemi atamas\u0131 yap\u0131ld\u0131.<\/p>\n","protected":false},"author":1,"featured_media":0,"comment_status":"open","ping_status":"open","sticky":false,"template":"","format":"standard","meta":{"footnotes":""},"categories":[1],"tags":[130],"class_list":["post-3089","post","type-post","status-publish","format-standard","hentry","category-galatasaray-haber","tag-hakem"],"_links":{"self":[{"href":"https:\/\/habergalatasaray.tr\/index.php\/wp-json\/wp\/v2\/posts\/3089","targetHints":{"allow":["GET"]}}],"collection":[{"href":"https:\/\/habergalatasaray.tr\/index.php\/wp-json\/wp\/v2\/posts"}],"about":[{"href":"https:\/\/habergalatasaray.tr\/index.php\/wp-json\/wp\/v2\/types\/post"}],"author":[{"embeddable":true,"href":"https:\/\/habergalatasaray.tr\/index.php\/wp-json\/wp\/v2\/users\/1"}],"replies":[{"embeddable":true,"href":"https:\/\/habergalatasaray.tr\/index.php\/wp-json\/wp\/v2\/comments?post=3089"}],"version-history":[{"count":1,"href":"https:\/\/habergalatasaray.tr\/index.php\/wp-json\/wp\/v2\/posts\/3089\/revisions"}],"predecessor-version":[{"id":3090,"href":"https:\/\/habergalatasaray.tr\/index.php\/wp-json\/wp\/v2\/posts\/3089\/revisions\/3090"}],"wp:attachment":[{"href":"https:\/\/habergalatasaray.tr\/index.php\/wp-json\/wp\/v2\/media?parent=3089"}],"wp:term":[{"taxonomy":"category","embeddable":true,"href":"https:\/\/habergalatasaray.tr\/index.php\/wp-json\/wp\/v2\/categories?post=3089"},{"taxonomy":"post_tag","embeddable":true,"href":"https:\/\/habergalatasaray.tr\/index.php\/wp-json\/wp\/v2\/tags?post=3089"}],"curies":[{"name":"wp","href":"https:\/\/api.w.org\/{rel}","templated":true}]}}