{"id":3091,"date":"2025-01-25T20:11:43","date_gmt":"2025-01-25T20:11:43","guid":{"rendered":"https:\/\/habergalatasaray.tr\/?p=3091"},"modified":"2025-01-25T20:11:43","modified_gmt":"2025-01-25T20:11:43","slug":"oglumun-futbol-kariyeri-bitme-noktasina-gelmisti-galatasaraya-bir-sempatisi-vardi-gurur-duyuyorum","status":"publish","type":"post","link":"https:\/\/habergalatasaray.tr\/index.php\/2025\/01\/25\/oglumun-futbol-kariyeri-bitme-noktasina-gelmisti-galatasaraya-bir-sempatisi-vardi-gurur-duyuyorum\/","title":{"rendered":"&#8220;O\u011flumun futbol kariyeri bitme noktas\u0131na gelmi\u015fti, Galatasaray&#8217;a bir sempatisi vard\u0131, gurur duyuyorum&#8221;"},"content":{"rendered":"<p>Galatasaray, orta transfer devrinin birinci deste\u011fini Ahmed Kutucu ile yapt\u0131.<\/p>\n<p>Sar\u0131 k\u0131rm\u0131z\u0131l\u0131lar, Ey\u00fcpspor formas\u0131yla bu d\u00f6nem toplam 20 ma\u00e7ta 9 gol, 7 asistle oynayan golc\u00fc oyuncuyu 5 milyon 962 bin 500 euro bonservis kar\u015f\u0131l\u0131\u011f\u0131nda transfer etti.<\/p>\n<p>24 ya\u015f\u0131ndaki h\u00fccumcunun babas\u0131 Hayri Kutucu, o\u011flunun Galatasaray&#8217;a transferiyle ilgili kan\u0131lar\u0131n\u0131 Ak\u015fam&#8217;a anlatt\u0131. <\/p>\n<p><strong>&#8220;O&#286;LUMLA GURUR DUYUYORUM&#8221;<\/strong><\/p>\n<p>&#8220;Almanya&#8217;da madencilik yap\u0131yordum. Ben kendim Galatasaray&#8217;\u0131 tutuyordum. Galatasaray&#8217;\u0131n Avrupa&#8217;daki ba\u015far\u0131lar\u0131ndan \u00f6t\u00fcr\u00fc Ahmed&#8217;in de Galatasaray&#8217;a bir sempatisi vard\u0131. O\u011flumla gurur duyuyorum.&#8221;<\/p>\n<p><strong>&#8220;D\u00d6N\u00dcM NOKTASI EY\u00dcPSPOR VE ARDA TURAN OLDU&#8221;<\/strong><\/p>\n<p>&#8220;B\u00fct\u00fcn Zonguldak, G\u00f6k\u00e7ebey il\u00e7esine ba\u011fl\u0131 Bakacakkad\u0131 Beldesi de Ahmed ile gurur duyuyordur. Ahmed&#8217;in d\u00f6n\u00fcm noktas\u0131 Ey\u00fcp&#8217;e transferi ve Arda Turan ile bir ortaya gelmesi oldu.&#8221;<\/p>\n<p><strong>&#8220;FUTBOL MESLE\u011e\u0130 B\u0130T\u0130YORDU&#8221;<\/strong><\/p>\n<p>&#8220;Neredeyse o\u011flumun futbol mesle\u011fi bitme noktas\u0131na gelmi\u015fti. Ahmed&#8217;de Arda Hoca&#8217;n\u0131n yeri ba\u015fkad\u0131r. Arda Hoca, Ahmed&#8217;in performans\u0131n\u0131n \u00fcst \u00e7\u0131kmas\u0131ndaki en b\u00fcy\u00fck etkendir.&#8221; dedi.<\/p>\n<p><img decoding=\"async\" class=\"detayFoto\" src=\"https:\/\/www.habersarikirmizi.com\/images\/upload\/Ahmed-Kutucu_26.jpg\"><\/p>\n<p><strong>AHMED KUTUCU&#8217;NUN KAR\u0130YER\u0130<\/strong><\/p>\n<p>Kariyerine Almanya&#8217;da Haverkamp altyap\u0131s\u0131nda ba\u015flayan Ahmed Kutucu, Schalke altyap\u0131s\u0131nda parlad\u0131. <\/p>\n<p>Hollanda&#8217;da Heracles formas\u0131n\u0131 giydikten sonra 2021-22&#8217;de Ba\u015fak\u015fehir ile T\u00fcrkiye&#8217;ye gelen Kutucu, 2023-24 d\u00f6nemi ba\u015f\u0131nda Ey\u00fcpspor&#8217;a imza att\u0131.<\/p>\n<p><strong>&#8220;\u00c7OCUKLUK A\u015eKIM BURASI&#8221;<\/strong><\/p>\n<p>3.5 y\u0131ll\u0131k kontrata imza atan Ahmed Kutucu, Sar\u0131-K\u0131rm\u0131z\u0131l\u0131 formay\u0131 giymek i\u00e7in sab\u0131rs\u0131zland\u0131\u011f\u0131n\u0131 s\u00f6yledi. <\/p>\n<p>GSTV Youtube kanal\u0131na konu\u015fan yetenekli futbolcu, &#8220;\u00c7ok apans\u0131z geli\u015fti. Galatasaray&#8217;\u0131n beni istedi\u011fini duydu\u011fumda bu i\u015fin \u00e7abuk olmas\u0131n\u0131 istedim. Zira \u00e7ocuklum a\u015fk\u0131m buras\u0131. T\u00fcrkiye&#8217;nin en b\u00fcy\u00fck kadrosu beni istedi. Ben de menajerime ilettim gitmek istedi\u011fimi. \u00c7ok farkl\u0131 bir his. Sab\u0131rs\u0131zlan\u0131yorum taraftar\u0131m\u0131\u0131z\u0131n \u00f6n\u00fcnde oynamaya. \u0130n\u015fallah g\u00fczel olur. \u00c7ok heyecanl\u0131y\u0131m. Sab\u0131rs\u0131zlan\u0131yorum. \u0130n\u015fallah bu d\u00f6nemi \u015fampiyonlukla bitiririz&#8221; tabirlerini kulland\u0131.<\/p>\n","protected":false},"excerpt":{"rendered":"<p>Galatasaray&#8217;da transfer \u00e7al\u0131\u015fmalar\u0131 devam ederken tak\u0131ma kat\u0131lan birinci isim Ahmed Kutucu oldu.<\/p>\n","protected":false},"author":1,"featured_media":0,"comment_status":"open","ping_status":"open","sticky":false,"template":"","format":"standard","meta":{"footnotes":""},"categories":[1],"tags":[81,75,226],"class_list":["post-3091","post","type-post","status-publish","format-standard","hentry","category-galatasaray-haber","tag-ahmed","tag-ile","tag-kutucu"],"_links":{"self":[{"href":"https:\/\/habergalatasaray.tr\/index.php\/wp-json\/wp\/v2\/posts\/3091","targetHints":{"allow":["GET"]}}],"collection":[{"href":"https:\/\/habergalatasaray.tr\/index.php\/wp-json\/wp\/v2\/posts"}],"about":[{"href":"https:\/\/habergalatasaray.tr\/index.php\/wp-json\/wp\/v2\/types\/post"}],"author":[{"embeddable":true,"href":"https:\/\/habergalatasaray.tr\/index.php\/wp-json\/wp\/v2\/users\/1"}],"replies":[{"embeddable":true,"href":"https:\/\/habergalatasaray.tr\/index.php\/wp-json\/wp\/v2\/comments?post=3091"}],"version-history":[{"count":1,"href":"https:\/\/habergalatasaray.tr\/index.php\/wp-json\/wp\/v2\/posts\/3091\/revisions"}],"predecessor-version":[{"id":3092,"href":"https:\/\/habergalatasaray.tr\/index.php\/wp-json\/wp\/v2\/posts\/3091\/revisions\/3092"}],"wp:attachment":[{"href":"https:\/\/habergalatasaray.tr\/index.php\/wp-json\/wp\/v2\/media?parent=3091"}],"wp:term":[{"taxonomy":"category","embeddable":true,"href":"https:\/\/habergalatasaray.tr\/index.php\/wp-json\/wp\/v2\/categories?post=3091"},{"taxonomy":"post_tag","embeddable":true,"href":"https:\/\/habergalatasaray.tr\/index.php\/wp-json\/wp\/v2\/tags?post=3091"}],"curies":[{"name":"wp","href":"https:\/\/api.w.org\/{rel}","templated":true}]}}