{"id":3099,"date":"2025-01-25T21:35:40","date_gmt":"2025-01-25T21:35:40","guid":{"rendered":"https:\/\/habergalatasaray.tr\/?p=3099"},"modified":"2025-01-25T21:35:40","modified_gmt":"2025-01-25T21:35:40","slug":"omer-urundul-galatasarayda-buna-cok-uzuldum-olacak-is-degil","status":"publish","type":"post","link":"https:\/\/habergalatasaray.tr\/index.php\/2025\/01\/25\/omer-urundul-galatasarayda-buna-cok-uzuldum-olacak-is-degil\/","title":{"rendered":"\u00d6mer \u00dcr\u00fcnd\u00fcl: &#8220;Galatasaray&#8217;da buna \u00e7ok \u00fcz\u00fcld\u00fcm, olacak i\u015f de\u011fil&#8221;"},"content":{"rendered":"<p>TRT Spor yorumcusu \u00d6mer \u00dcr\u00fcnd\u00fcl, Galatasaray ile ilgili de\u011ferlendirmelerde bulundu.<\/p>\n<p><strong>\u00dcr\u00fcnd\u00fcl&#8217;\u00fcn a\u00e7\u0131klamalar\u0131 \u015fu halde:<\/strong><\/p>\n<p><strong>&#8220;MUSLERA \u0130\u00c7\u0130N \u00c7OK \u00dcZ\u00dcLD\u00dcM&#8221;<\/strong><\/p>\n<p>&#8220;Fernando Muslera&#8217;ya g\u00f6sterilen reaksiyonlara \u00e7ok \u00fcz\u00fcld\u00fcm. Son 14 y\u0131lda Galatasaray&#8217;\u0131n elde etti\u011fi her muvaffakiyetinde Muslera&#8217;n\u0131n direkt katk\u0131s\u0131 var. Olacak i\u015f mi? Makus g\u00fcn\u00fcnde yan\u0131nda olmayacaksan ne vakit yan\u0131nda olacaks\u0131n. Galatasaray&#8217;\u0131n Dinamo Kiev yenilgisini yaln\u0131zca Muslera&#8217;ya m\u0131 b\u0131rakaca\u011f\u0131z?&#8221;<\/p>\n<p><strong>&#8220;L\u0130G\u0130M\u0130Z\u0130N TEMPOSU \u00c7OK D\u00dc\u015e\u00dcK, AVRUPA&#8217;DA VASAT GRUP B\u0130LE DAHA \u00c7OK KO\u015eUYOR&#8221;<\/strong><\/p>\n<p>&#8220;Bu ma\u00e7\u0131 teknik olarak tahlil edemeyiz. Bizim ligimizin temposu \u00e7ok d\u00fc\u015f\u00fck. B\u00fcy\u00fck ekipler g\u00fc\u00e7s\u00fcz gruplar kar\u015f\u0131s\u0131nda y\u00fck koyuyorlar. Kendi eksikliklerini T\u00fcrkiye&#8217;de cezaland\u0131racak rakipleri yok. Avrupa&#8217;ya \u00e7\u0131kt\u0131klar\u0131nda ise vasat grup bile bizden daha \u00e7ok ko\u015fuyor, daha \u00e7ok u\u011fra\u015f ediyor ve kendilerine mahsus oyun sistemleri var.&#8221;<\/p>\n<p><strong>&#8220;NE PARALARI KALMI\u015e NE PREST\u0130JLER\u0130&#8230;&#8221;<\/strong><\/p>\n<p>&#8220;Galatasaray, lokum \u00fczere kura \u00e7ekiyor fakat Young Boys&#8217;a 2 ma\u00e7ta da yenilip eleniyor. Yong Boys k\u00fcmelerde 7 ma\u00e7a \u00e7\u0131kt\u0131 ve toplad\u0131\u011f\u0131 puan 0. Bu birinci \u00f6rnek. \u0130kinci \u00f6rnek; Letonya&#8217;n\u0131n bilmedi\u011fimiz grubu Rigas Skola kar\u015f\u0131s\u0131nda 2-0 \u00f6ne ge\u00e7ip 2-2 berabere kal\u0131yor. \u00dc\u00e7\u00fcnc\u00fcs\u00fc burada \u0130sve\u00e7 grubu Elfsborg ile oynuyor ve 45 dakikada 3 gol yiyor. Son saniyede de ma\u00e7 berabere bitebilirdi. Son olarak Dinamo Kiev&#8217;in ne paras\u0131 kalm\u0131\u015f ne prestijleri&#8230; Bu ekibe kar\u015f\u0131 2 kere \u00f6ne ge\u00e7iyorsun ve 3-1&#8217;den ma\u00e7\u0131 veriyorsun.&#8221;<\/p>\n<p><strong>&#8220;\u0130LK 8 ZORA G\u0130RD\u0130&#8221;<\/strong><\/p>\n<p>&#8220;Galatasaray&#8217;\u0131n birinci 8 baht\u0131n\u0131 garanti g\u00f6r\u00fcyordum ancak art\u0131k zora girdi. Gayelere ad\u0131m ad\u0131m gitmek laz\u0131m. Birka\u00e7 ma\u00e7 kazan\u0131nca \u00e7abucak Avrupa&#8217;da final hedefliyoruz. Evvel k\u00fcmelerden \u00e7\u0131k\u0131n, sonraki tipleri ge\u00e7in, ondan sonra finali d\u00fc\u015f\u00fcn\u00fcrs\u00fcn\u00fcz. Galatasaray idaresi ve medyas\u0131 kupa hayalleri kuruyor. Sen bu ekiplere kar\u015f\u0131 ald\u0131\u011f\u0131n sonu\u00e7larla m\u0131 hayal kuracaks\u0131n?&#8221;<\/p>\n<p><strong>&#8220;SADECE SAVUNMACILARLA B\u0130TM\u0130YOR&#8221;<\/strong><\/p>\n<p>&#8220;Galatasaray ve Okan Buruk&#8217;un yapt\u0131\u011f\u0131 en b\u00fcy\u00fck kusur denetim sistemini hakikat uygulayam\u0131yor. Ma\u00e7 i\u00e7erisinde faal dinlenme, rakibin surat\u0131n\u0131 kesme, oyunu so\u011futma \u00fczere \u015feyleri d\u00fc\u015f\u00fcnm\u00fcyor. Galatasaray kadrosu dinlenmeden sonunu d\u00fc\u015f\u00fcnmeden atak yap\u0131yor ve bu t\u00fcrl\u00fc olunca geriye grup halinde ko\u015fam\u0131yorlar, bo\u015fluklar veriyorlar. Bu i\u015f yaln\u0131zca savunmac\u0131larda bitmiyor.&#8221; tabirlerini kulland\u0131.<\/p>\n<p><strong>Kaynak: habersarikirmizi.com<\/strong><\/p>\n","protected":false},"excerpt":{"rendered":"<p>Galatasaray&#8217;\u0131n Avrupa&#8217;da bilhassa zay\u0131f rakiplere kar\u015f\u0131 ald\u0131\u011f\u0131 sonu\u00e7lar hayal k\u0131r\u0131kl\u0131klar\u0131 yarat\u0131yor.<\/p>\n","protected":false},"author":1,"featured_media":0,"comment_status":"open","ping_status":"open","sticky":false,"template":"","format":"standard","meta":{"footnotes":""},"categories":[1],"tags":[38,24,71,82,99],"class_list":["post-3099","post","type-post","status-publish","format-standard","hentry","category-galatasaray-haber","tag-cok","tag-galatasaray","tag-mac","tag-son","tag-takim"],"_links":{"self":[{"href":"https:\/\/habergalatasaray.tr\/index.php\/wp-json\/wp\/v2\/posts\/3099","targetHints":{"allow":["GET"]}}],"collection":[{"href":"https:\/\/habergalatasaray.tr\/index.php\/wp-json\/wp\/v2\/posts"}],"about":[{"href":"https:\/\/habergalatasaray.tr\/index.php\/wp-json\/wp\/v2\/types\/post"}],"author":[{"embeddable":true,"href":"https:\/\/habergalatasaray.tr\/index.php\/wp-json\/wp\/v2\/users\/1"}],"replies":[{"embeddable":true,"href":"https:\/\/habergalatasaray.tr\/index.php\/wp-json\/wp\/v2\/comments?post=3099"}],"version-history":[{"count":1,"href":"https:\/\/habergalatasaray.tr\/index.php\/wp-json\/wp\/v2\/posts\/3099\/revisions"}],"predecessor-version":[{"id":3100,"href":"https:\/\/habergalatasaray.tr\/index.php\/wp-json\/wp\/v2\/posts\/3099\/revisions\/3100"}],"wp:attachment":[{"href":"https:\/\/habergalatasaray.tr\/index.php\/wp-json\/wp\/v2\/media?parent=3099"}],"wp:term":[{"taxonomy":"category","embeddable":true,"href":"https:\/\/habergalatasaray.tr\/index.php\/wp-json\/wp\/v2\/categories?post=3099"},{"taxonomy":"post_tag","embeddable":true,"href":"https:\/\/habergalatasaray.tr\/index.php\/wp-json\/wp\/v2\/tags?post=3099"}],"curies":[{"name":"wp","href":"https:\/\/api.w.org\/{rel}","templated":true}]}}