{"id":3300,"date":"2025-02-08T05:48:06","date_gmt":"2025-02-08T05:48:06","guid":{"rendered":"https:\/\/habergalatasaray.tr\/?p=3300"},"modified":"2025-02-08T05:48:06","modified_gmt":"2025-02-08T05:48:06","slug":"galatasarayda-buyuk-surpriz-yeni-transfer-istanbula-geldi","status":"publish","type":"post","link":"https:\/\/habergalatasaray.tr\/index.php\/2025\/02\/08\/galatasarayda-buyuk-surpriz-yeni-transfer-istanbula-geldi\/","title":{"rendered":"Galatasaray&#8217;da b\u00fcy\u00fck s\u00fcrpriz! Yeni transfer \u0130stanbul&#8217;a geldi!"},"content":{"rendered":"<p>Galatasaray&#8217;\u0131n Ahmed Kutucu ve Alvaro Morata&#8217;n\u0131n akabinde 3. transferi a\u015fik\u00e2r oldu.<\/p>\n<p><strong>MARIO LEMINA, Y\u0130NE GALATASARAY&#8217;DA<\/strong><\/p>\n<p>Galatasaray, eski oyuncusu Mario Lemina&#8217;y\u0131 yine tak\u0131m\u0131na katt\u0131.<\/p>\n<p><strong>ANLA\u015eMALAR TAMAM<\/strong><\/p>\n<p>31 ya\u015f\u0131ndaki Gabonlu orta saha oyuncusuyla anla\u015fan sar\u0131 k\u0131rm\u0131z\u0131l\u0131lari Wolverhampton&#8217;la da anla\u015ft\u0131.<\/p>\n<p><strong>\u0130STANBUL&#8217;A GELD\u0130<\/strong><\/p>\n<p>Mario Lemina, Galatasaray ile mukavele imzalamak i\u00e7in \u0130stanbul&#8217;a geldi.<\/p>\n<p><img decoding=\"async\" class=\"detayFoto\" src=\"https:\/\/habergalatasaray.tr\/wp-content\/uploads\/2025\/02\/galatasarayda-buyuk-surpriz-yeni-transfer-istanbula-geldi-0-sx3WzHx4.jpg\"><\/p>\n","protected":false},"excerpt":{"rendered":"<p>Galatasaray&#8217;da transfer devri geli\u015fmeleri arka arda ya\u015fanmaya devam ediyor.<\/p>\n","protected":false},"author":1,"featured_media":3301,"comment_status":"open","ping_status":"open","sticky":false,"template":"","format":"standard","meta":{"footnotes":""},"categories":[1],"tags":[],"class_list":["post-3300","post","type-post","status-publish","format-standard","has-post-thumbnail","hentry","category-galatasaray-haber"],"_links":{"self":[{"href":"https:\/\/habergalatasaray.tr\/index.php\/wp-json\/wp\/v2\/posts\/3300","targetHints":{"allow":["GET"]}}],"collection":[{"href":"https:\/\/habergalatasaray.tr\/index.php\/wp-json\/wp\/v2\/posts"}],"about":[{"href":"https:\/\/habergalatasaray.tr\/index.php\/wp-json\/wp\/v2\/types\/post"}],"author":[{"embeddable":true,"href":"https:\/\/habergalatasaray.tr\/index.php\/wp-json\/wp\/v2\/users\/1"}],"replies":[{"embeddable":true,"href":"https:\/\/habergalatasaray.tr\/index.php\/wp-json\/wp\/v2\/comments?post=3300"}],"version-history":[{"count":1,"href":"https:\/\/habergalatasaray.tr\/index.php\/wp-json\/wp\/v2\/posts\/3300\/revisions"}],"predecessor-version":[{"id":3303,"href":"https:\/\/habergalatasaray.tr\/index.php\/wp-json\/wp\/v2\/posts\/3300\/revisions\/3303"}],"wp:featuredmedia":[{"embeddable":true,"href":"https:\/\/habergalatasaray.tr\/index.php\/wp-json\/wp\/v2\/media\/3301"}],"wp:attachment":[{"href":"https:\/\/habergalatasaray.tr\/index.php\/wp-json\/wp\/v2\/media?parent=3300"}],"wp:term":[{"taxonomy":"category","embeddable":true,"href":"https:\/\/habergalatasaray.tr\/index.php\/wp-json\/wp\/v2\/categories?post=3300"},{"taxonomy":"post_tag","embeddable":true,"href":"https:\/\/habergalatasaray.tr\/index.php\/wp-json\/wp\/v2\/tags?post=3300"}],"curies":[{"name":"wp","href":"https:\/\/api.w.org\/{rel}","templated":true}]}}