{"id":3319,"date":"2025-02-08T07:24:07","date_gmt":"2025-02-08T07:24:07","guid":{"rendered":"https:\/\/habergalatasaray.tr\/?p=3319"},"modified":"2025-02-08T07:24:07","modified_gmt":"2025-02-08T07:24:07","slug":"tugay-kerimogludan-galatasarayli-isme-uyari-kapris-yaparak-kendinden-vazgecirirsin-sapkasini-onune-koysun","status":"publish","type":"post","link":"https:\/\/habergalatasaray.tr\/index.php\/2025\/02\/08\/tugay-kerimogludan-galatasarayli-isme-uyari-kapris-yaparak-kendinden-vazgecirirsin-sapkasini-onune-koysun\/","title":{"rendered":"Tugay Kerimo\u011flu&#8217;dan Galatasarayl\u0131 isme uyar\u0131! &#8220;Kapris yaparak kendinden vazge\u00e7irirsin, \u015fapkas\u0131n\u0131 \u00f6n\u00fcne koysun&#8221;"},"content":{"rendered":"<p>TRT Spor yorumcusu Tugay Kerimo\u011flu, Gaziantep FK &#8211; Galatasaray ma\u00e7\u0131yla ilgili yorumlarda bulundu.<\/p>\n<p><strong>Kerimo\u011flu&#8217;nun a\u00e7\u0131klamalar\u0131 \u015fu formda:<\/strong><\/p>\n<p><strong>&#8220;OYUN MAK\u00dbS LAK\u0130N 3 PUAN \u00d6NEML\u0130&#8221;<\/strong><\/p>\n<p>&#8220;Son iki ma\u00e7a bakt\u0131\u011f\u0131m\u0131zda oyundan vazge\u00e7ip k\u00fclliyen 3 puan iste\u011fiyle alana \u00e7\u0131kan bir Galatasaray var. Lakin 1-0&#8217;lar da tehlikle ma\u00e7lard\u0131r. Topa sahip olma manas\u0131nda sorunlar ya\u015fad\u0131lar. Yunus Akg\u00fcnvve Bar\u0131\u015f Alper Y\u0131lmaz yoktu. Grup savunmas\u0131 \u00f6n planda tutuldu. Oyun makus lakin 3 puan k\u0131ymetli.&#8221;<\/p>\n<p><strong>&#8220;MERTENS&#8217;\u0130N BUNU YA\u015eAYACA&#286;I B\u0130R GER\u00c7EKT\u0130&#8221;<\/strong><\/p>\n<p>&#8220;Mertens&#8217;in fizik\u00ee d\u00fc\u015f\u00fc\u015f ya\u015fayaca\u011f\u0131 bir ger\u00e7ekti. De\u011fi\u015fiklik do\u011fruydu. Fenerbah\u00e7e kazand\u0131\u011f\u0131 i\u00e7in kazanmaktan \u00f6teki deva yoktu. Oyun mak\u00fbs de olsa haneye 3 puan yazd\u0131rd\u0131\u011f\u0131nda herkes hakl\u0131d\u0131r.&#8221;<\/p>\n<p><strong>&#8220;KUL\u00dcBE G\u00dc\u00c7LEND\u0130R\u0130LMEL\u0130&#8221;<\/strong><\/p>\n<p>&#8220;Kul\u00fcbeye bakt\u0131\u011f\u0131mda Okan Buruk&#8217;a art\u0131 m\u00fcellifim. Destek laz\u0131m. Fenerbah\u00e7e&#8217;ye evvelden bak, bir de art\u0131k bak. Galatasaray&#8217;da atak yapabilece\u011fin bir dokunu\u015f yok. \u015eampiyonluk yolunda yar almak istemiyorlarsa kul\u00fcbeyi g\u00fc\u00e7lendirmeleri gerek.&#8221;<\/p>\n<p><strong>&#8220;K\u0130L\u0130T OYUNCU MERTENS<\/strong><\/p>\n<p>&#8220;Mertens&#8217;in performans olarak Osimhen&#8217;i etkiledi\u011fini g\u00f6r\u00fcyoruz. Osimhen geldi\u011findeki irtibatlar\u0131n\u0131 d\u00fc\u015f\u00fcn\u00fcn. Asl\u0131nda kilit oyuncu Mertens&#8217;ti. Oyundan kopmaya ba\u015flay\u0131nca Osimhen, Yunus Akg\u00fcn, Bar\u0131\u015f Alper Y\u0131lmaz&#8217;a oyun \u015fekillenmiyor. K\u0131ymetli olan Mertens&#8217;i oyun i\u00e7erisinde daima s\u0131cak tutmak.&#8221;<\/p>\n<p><strong>&#8220;MERTENS&#8217;TEN SONRA OYUN AKLI ICARDI&#8221;<\/strong><\/p>\n<p>&#8220;Icardi, Mertens&#8217;ten sonra Galatasaray&#8217;\u0131n oyun akl\u0131yd\u0131. <\/p>\n<p><strong>&#8220;YUNUS AKG\u00dcN, \u015eAPKASINI \u00d6N\u00dcNE KOYSUN&#8221;<\/strong><\/p>\n<p>&#8220;Yunus Akg\u00fcn&#8217;e tavsiyem \u015fudur. S\u00f6yleyeceklerim berbatl\u0131\u011f\u0131 i\u00e7in de\u011fil, yanl\u0131\u015f anlamas\u0131n. Bug\u00fcne kadar geldi\u011fi s\u00fcre\u00e7te sana dayanak veren kimse, bu performans\u0131 muhakkak bir yerden al\u0131p en \u00fcst d\u00fczeye koyuyorsan senin akl\u0131n alanda oldu\u011fu i\u00e7indi. Sen kontrat\u0131ndan \u00f6t\u00fcr\u00fc k\u00fcsme mazeretiyle vazge\u00e7ersen oyun da senden vazge\u00e7meye ba\u015flar. Yunus, \u015fapkas\u0131n\u0131 \u00f6n\u00fcne koysun. Galatasaray toplulu\u011fu, her vakit herkesin hakk\u0131n\u0131 verir. Hi\u00e7bir vakit da geride kalmaz. Kapris yaparak kendinden vazge\u00e7irirsin. Topluluklar senin isminden daha b\u00fcy\u00fckt\u00fcr. Buralara kadar geldi\u011finden noktada hangi sorunlar\u0131 ya\u015fad\u0131\u011f\u0131n\u0131 hat\u0131rla. Bu d\u00f6nem herkes sana \u00f6vg\u00fcler sunarken bug\u00fcn bir kontrattan \u00f6t\u00fcr\u00fc k\u00fcserek kar\u015f\u0131l\u0131k verme. Kendine, yetene\u011fine ve i\u015fine sahip \u00e7\u0131k. Kendine haks\u0131zl\u0131k yapma.&#8221; tabirlerini kulland\u0131.<\/p>\n<p><strong>Kaynak: habersarikirmizi.com<\/strong><\/p>\n","protected":false},"excerpt":{"rendered":"<p>Galatasaray, S\u00fcper Lig&#8217;de Gaziantep FK deplasman\u0131ndan 1-0&#8217;l\u0131k galibiyetle d\u00f6nd\u00fc.<\/p>\n","protected":false},"author":1,"featured_media":3320,"comment_status":"open","ping_status":"open","sticky":false,"template":"","format":"standard","meta":{"footnotes":""},"categories":[1],"tags":[37,24,43,103,145],"class_list":["post-3319","post","type-post","status-publish","format-standard","has-post-thumbnail","hentry","category-galatasaray-haber","tag-bir","tag-galatasaray","tag-on","tag-oyun","tag-yunus"],"_links":{"self":[{"href":"https:\/\/habergalatasaray.tr\/index.php\/wp-json\/wp\/v2\/posts\/3319","targetHints":{"allow":["GET"]}}],"collection":[{"href":"https:\/\/habergalatasaray.tr\/index.php\/wp-json\/wp\/v2\/posts"}],"about":[{"href":"https:\/\/habergalatasaray.tr\/index.php\/wp-json\/wp\/v2\/types\/post"}],"author":[{"embeddable":true,"href":"https:\/\/habergalatasaray.tr\/index.php\/wp-json\/wp\/v2\/users\/1"}],"replies":[{"embeddable":true,"href":"https:\/\/habergalatasaray.tr\/index.php\/wp-json\/wp\/v2\/comments?post=3319"}],"version-history":[{"count":1,"href":"https:\/\/habergalatasaray.tr\/index.php\/wp-json\/wp\/v2\/posts\/3319\/revisions"}],"predecessor-version":[{"id":3321,"href":"https:\/\/habergalatasaray.tr\/index.php\/wp-json\/wp\/v2\/posts\/3319\/revisions\/3321"}],"wp:featuredmedia":[{"embeddable":true,"href":"https:\/\/habergalatasaray.tr\/index.php\/wp-json\/wp\/v2\/media\/3320"}],"wp:attachment":[{"href":"https:\/\/habergalatasaray.tr\/index.php\/wp-json\/wp\/v2\/media?parent=3319"}],"wp:term":[{"taxonomy":"category","embeddable":true,"href":"https:\/\/habergalatasaray.tr\/index.php\/wp-json\/wp\/v2\/categories?post=3319"},{"taxonomy":"post_tag","embeddable":true,"href":"https:\/\/habergalatasaray.tr\/index.php\/wp-json\/wp\/v2\/tags?post=3319"}],"curies":[{"name":"wp","href":"https:\/\/api.w.org\/{rel}","templated":true}]}}